{"id":94599,"date":"2021-06-23T11:04:47","date_gmt":"2021-06-23T14:04:47","guid":{"rendered":"https:\/\/eldiariodesanpedro.com.ar\/sitio\/?p=94599"},"modified":"2021-06-23T11:04:52","modified_gmt":"2021-06-23T14:04:52","slug":"cuatro-jovenes-aprehendidos-por-tentativa-de-robo-en-el-barrio-los-azahares","status":"publish","type":"post","link":"https:\/\/eldiariodesanpedro.com.ar\/sitio\/cuatro-jovenes-aprehendidos-por-tentativa-de-robo-en-el-barrio-los-azahares\/","title":{"rendered":"Cuatro j\u00f3venes aprehendidos por tentativa de robo en el barrio Los Azahares"},"content":{"rendered":"<!-- VideographyWP Plugin Message: Automatic video embedding prevented by plugin options. -->\n\n<p>En horas de la tarde de ayer martes el personal policial aprehendi\u00f3 a cuatro j\u00f3venes de 25, dos de 18 y 16 a\u00f1os en el barrio Los Azahares quienes ingresaron al predio privado propiedad de un ciudadano mayor de edad.&nbsp;<\/p>\n\n\n\n<p>Se secuestr\u00f3 en poder de aprehendidos acha y le\u00f1os cortados, intervino la fiscal\u00eda juvenil de San Nicol\u00e1s, disponiendo la libertad tras recaudos legales.<\/p>\n\n\n\n<figure class=\"wp-block-image size-large\"><img decoding=\"async\" width=\"1024\" height=\"562\" data-attachment-id=\"94600\" data-permalink=\"https:\/\/eldiariodesanpedro.com.ar\/sitio\/cuatro-jovenes-aprehendidos-por-tentativa-de-robo-en-el-barrio-los-azahares\/whatsapp-image-2021-06-23-at-10-30-02\/\" data-orig-file=\"https:\/\/eldiariodesanpedro.com.ar\/sitio\/wp-content\/uploads\/2021\/06\/WhatsApp-Image-2021-06-23-at-10.30.02.jpeg\" data-orig-size=\"1024,562\" data-comments-opened=\"1\" data-image-meta=\"{&quot;aperture&quot;:&quot;0&quot;,&quot;credit&quot;:&quot;&quot;,&quot;camera&quot;:&quot;&quot;,&quot;caption&quot;:&quot;&quot;,&quot;created_timestamp&quot;:&quot;0&quot;,&quot;copyright&quot;:&quot;&quot;,&quot;focal_length&quot;:&quot;0&quot;,&quot;iso&quot;:&quot;0&quot;,&quot;shutter_speed&quot;:&quot;0&quot;,&quot;title&quot;:&quot;&quot;,&quot;orientation&quot;:&quot;0&quot;}\" data-image-title=\"WhatsApp Image 2021-06-23 at 10.30.02\" data-image-description=\"\" data-image-caption=\"\" data-large-file=\"https:\/\/eldiariodesanpedro.com.ar\/sitio\/wp-content\/uploads\/2021\/06\/WhatsApp-Image-2021-06-23-at-10.30.02.jpeg\" data-src=\"https:\/\/eldiariodesanpedro.com.ar\/sitio\/wp-content\/uploads\/2021\/06\/WhatsApp-Image-2021-06-23-at-10.30.02.jpeg\" alt=\"\" class=\"wp-image-94600 lazyload\" data-srcset=\"https:\/\/eldiariodesanpedro.com.ar\/sitio\/wp-content\/uploads\/2021\/06\/WhatsApp-Image-2021-06-23-at-10.30.02.jpeg 1024w, https:\/\/eldiariodesanpedro.com.ar\/sitio\/wp-content\/uploads\/2021\/06\/WhatsApp-Image-2021-06-23-at-10.30.02-300x165.jpeg 300w, https:\/\/eldiariodesanpedro.com.ar\/sitio\/wp-content\/uploads\/2021\/06\/WhatsApp-Image-2021-06-23-at-10.30.02-768x422.jpeg 768w\" data-sizes=\"(max-width: 1024px) 100vw, 1024px\" src=\"data:image\/svg+xml;base64,PHN2ZyB3aWR0aD0iMSIgaGVpZ2h0PSIxIiB4bWxucz0iaHR0cDovL3d3dy53My5vcmcvMjAwMC9zdmciPjwvc3ZnPg==\" style=\"--smush-placeholder-width: 1024px; --smush-placeholder-aspect-ratio: 1024\/562;\" \/><\/figure>\n","protected":false},"excerpt":{"rendered":"<p>En horas de la tarde de ayer martes el personal policial aprehendi\u00f3 a cuatro j\u00f3venes de 25, dos de 18 y 16 a\u00f1os en el barrio Los Azahares quienes ingresaron al predio privado propiedad de un ciudadano mayor de edad.&nbsp; Se secuestr\u00f3 en poder de aprehendidos acha y le\u00f1os cortados, intervino la fiscal\u00eda juvenil de [&hellip;]<\/p>\n","protected":false},"author":4,"featured_media":94601,"comment_status":"open","ping_status":"closed","sticky":false,"template":"","format":"standard","meta":{"om_disable_all_campaigns":false,"_jetpack_memberships_contains_paid_content":false,"footnotes":""},"categories":[2],"tags":[],"class_list":["post-94599","post","type-post","status-publish","format-standard","has-post-thumbnail","hentry","category-locales"],"aioseo_notices":[],"gutentor_comment":0,"jetpack_featured_media_url":"https:\/\/eldiariodesanpedro.com.ar\/sitio\/wp-content\/uploads\/2021\/06\/WhatsApp-Image-2021-06-23-at-10.30.03.jpeg","jetpack_shortlink":"https:\/\/wp.me\/p6RhLt-oBN","jetpack_sharing_enabled":true,"_links":{"self":[{"href":"https:\/\/eldiariodesanpedro.com.ar\/sitio\/wp-json\/wp\/v2\/posts\/94599","targetHints":{"allow":["GET"]}}],"collection":[{"href":"https:\/\/eldiariodesanpedro.com.ar\/sitio\/wp-json\/wp\/v2\/posts"}],"about":[{"href":"https:\/\/eldiariodesanpedro.com.ar\/sitio\/wp-json\/wp\/v2\/types\/post"}],"author":[{"embeddable":true,"href":"https:\/\/eldiariodesanpedro.com.ar\/sitio\/wp-json\/wp\/v2\/users\/4"}],"replies":[{"embeddable":true,"href":"https:\/\/eldiariodesanpedro.com.ar\/sitio\/wp-json\/wp\/v2\/comments?post=94599"}],"version-history":[{"count":1,"href":"https:\/\/eldiariodesanpedro.com.ar\/sitio\/wp-json\/wp\/v2\/posts\/94599\/revisions"}],"predecessor-version":[{"id":94602,"href":"https:\/\/eldiariodesanpedro.com.ar\/sitio\/wp-json\/wp\/v2\/posts\/94599\/revisions\/94602"}],"wp:featuredmedia":[{"embeddable":true,"href":"https:\/\/eldiariodesanpedro.com.ar\/sitio\/wp-json\/wp\/v2\/media\/94601"}],"wp:attachment":[{"href":"https:\/\/eldiariodesanpedro.com.ar\/sitio\/wp-json\/wp\/v2\/media?parent=94599"}],"wp:term":[{"taxonomy":"category","embeddable":true,"href":"https:\/\/eldiariodesanpedro.com.ar\/sitio\/wp-json\/wp\/v2\/categories?post=94599"},{"taxonomy":"post_tag","embeddable":true,"href":"https:\/\/eldiariodesanpedro.com.ar\/sitio\/wp-json\/wp\/v2\/tags?post=94599"}],"curies":[{"name":"wp","href":"https:\/\/api.w.org\/{rel}","templated":true}]}}