{"id":94591,"date":"2021-06-23T10:27:56","date_gmt":"2021-06-23T13:27:56","guid":{"rendered":"https:\/\/eldiariodesanpedro.com.ar\/sitio\/?p=94591"},"modified":"2021-06-23T10:28:00","modified_gmt":"2021-06-23T13:28:00","slug":"baradero-se-varo-un-barco-por-la-bajante-del-rio","status":"publish","type":"post","link":"https:\/\/eldiariodesanpedro.com.ar\/sitio\/baradero-se-varo-un-barco-por-la-bajante-del-rio\/","title":{"rendered":"BARADERO | Se var\u00f3 un barco por la bajante del r\u00edo"},"content":{"rendered":"<!-- VideographyWP Plugin Message: Automatic video embedding prevented by plugin options. -->\n\n<p>El hecho sucedi\u00f3 el Martes por la noche y se trata de una de las embarcaciones locales que qued\u00f3 varada en cercan\u00edas de la Rotonda por la bajante del R\u00edo Baradero.<\/p>\n\n\n\n<p>Pablo Sp\u00f3sito, capit\u00e1n del barco, cont\u00f3 en Tu Radio que tuvieron que descargar casi medio viaje de arena para que el barco pueda continuar su traves\u00eda.<\/p>\n\n\n\n<p>\u201cDimos marcha atr\u00e1s para regresar hacia el puerto local porque no pod\u00edamos seguir circulando\u201d, agreg\u00f3<\/p>\n\n\n\n<p>Fuente: <a href=\"https:\/\/tulineadirecta.com\/se-varo-un-barco-por-la-bajante-del-rio\/\">Tu Linea Directa<\/a><\/p>\n","protected":false},"excerpt":{"rendered":"<p>El hecho sucedi\u00f3 el Martes por la noche y se trata de una de las embarcaciones locales que qued\u00f3 varada en cercan\u00edas de la Rotonda por la bajante del R\u00edo Baradero. Pablo Sp\u00f3sito, capit\u00e1n del barco, cont\u00f3 en Tu Radio que tuvieron que descargar casi medio viaje de arena para que el barco pueda continuar [&hellip;]<\/p>\n","protected":false},"author":4,"featured_media":94592,"comment_status":"open","ping_status":"closed","sticky":false,"template":"","format":"standard","meta":{"om_disable_all_campaigns":false,"_jetpack_memberships_contains_paid_content":false,"footnotes":""},"categories":[621],"tags":[],"class_list":["post-94591","post","type-post","status-publish","format-standard","has-post-thumbnail","hentry","category-regionales"],"aioseo_notices":[],"gutentor_comment":0,"jetpack_featured_media_url":"https:\/\/eldiariodesanpedro.com.ar\/sitio\/wp-content\/uploads\/2021\/06\/vajante-del-rio.jpg","jetpack_shortlink":"https:\/\/wp.me\/p6RhLt-oBF","jetpack_sharing_enabled":true,"_links":{"self":[{"href":"https:\/\/eldiariodesanpedro.com.ar\/sitio\/wp-json\/wp\/v2\/posts\/94591","targetHints":{"allow":["GET"]}}],"collection":[{"href":"https:\/\/eldiariodesanpedro.com.ar\/sitio\/wp-json\/wp\/v2\/posts"}],"about":[{"href":"https:\/\/eldiariodesanpedro.com.ar\/sitio\/wp-json\/wp\/v2\/types\/post"}],"author":[{"embeddable":true,"href":"https:\/\/eldiariodesanpedro.com.ar\/sitio\/wp-json\/wp\/v2\/users\/4"}],"replies":[{"embeddable":true,"href":"https:\/\/eldiariodesanpedro.com.ar\/sitio\/wp-json\/wp\/v2\/comments?post=94591"}],"version-history":[{"count":1,"href":"https:\/\/eldiariodesanpedro.com.ar\/sitio\/wp-json\/wp\/v2\/posts\/94591\/revisions"}],"predecessor-version":[{"id":94593,"href":"https:\/\/eldiariodesanpedro.com.ar\/sitio\/wp-json\/wp\/v2\/posts\/94591\/revisions\/94593"}],"wp:featuredmedia":[{"embeddable":true,"href":"https:\/\/eldiariodesanpedro.com.ar\/sitio\/wp-json\/wp\/v2\/media\/94592"}],"wp:attachment":[{"href":"https:\/\/eldiariodesanpedro.com.ar\/sitio\/wp-json\/wp\/v2\/media?parent=94591"}],"wp:term":[{"taxonomy":"category","embeddable":true,"href":"https:\/\/eldiariodesanpedro.com.ar\/sitio\/wp-json\/wp\/v2\/categories?post=94591"},{"taxonomy":"post_tag","embeddable":true,"href":"https:\/\/eldiariodesanpedro.com.ar\/sitio\/wp-json\/wp\/v2\/tags?post=94591"}],"curies":[{"name":"wp","href":"https:\/\/api.w.org\/{rel}","templated":true}]}}