{"id":94562,"date":"2021-06-22T19:33:18","date_gmt":"2021-06-22T22:33:18","guid":{"rendered":"https:\/\/eldiariodesanpedro.com.ar\/sitio\/?p=94562"},"modified":"2021-06-22T19:41:20","modified_gmt":"2021-06-22T22:41:20","slug":"ruptura-definitiva-de-juntos-por-el-cambio-en-el-hcd-y-el-intendente-tendra-nuevos-opositores","status":"publish","type":"post","link":"https:\/\/eldiariodesanpedro.com.ar\/sitio\/ruptura-definitiva-de-juntos-por-el-cambio-en-el-hcd-y-el-intendente-tendra-nuevos-opositores\/","title":{"rendered":"Ruptura definitiva de Juntos por el Cambio en el HCD y el intendente tendr\u00e1 nuevos opositores"},"content":{"rendered":"<!-- VideographyWP Plugin Message: Automatic video embedding prevented by plugin options. -->\n\n<p>El d\u00eda de hoy dejo una jornada cargada de informaci\u00f3n con la ruptura de \u00abJuntos por el Cambio\u00bb definitivamente alterando por completo el panorama dentro del Honorable Concejo Deliberante.<\/p>\n\n\n\n<p>Como estaba previsto que sucediera en la jornada de hoy se oficializo la salida de cinco ediles que representan tres al radicalismo y otros dos al PRO en nuestra ciudad. Luego en horas de la tarde se conoci\u00f3 que otros tres integrantes del bloque permanecer\u00e1n dentro de Juntos por el Cambio pero formando su propio grupo independiente del intendente Cecilio Salazar.<\/p>\n\n\n\n<p>Todo esto comenz\u00f3 en la ma\u00f1ana de hoy cuando el intendente Cecilio Salazar le pidi\u00f3 la renuncia al delegado de Santa Lucia, Jorge Mc Inerny tras algunas dudas por parte del jefe comunal por no obtener los resultados necesarios, esto aparentemente repercuti\u00f3 en el bloque radical que se encontraba dentro de Juntos por el Cambio por lo que r\u00e1pidamente los concejales Mart\u00edn Pando, Alejandro Donatti, Juan Pablo Ruozi, Dami\u00e1n Lafalce y la concejala Elisa Ferraro formaran su propio bloque y decidieron retirase del oficialismo.<\/p>\n\n\n\n<p>Horas mas tardes los concejales Pelletier, Claverini y Tiramonti informaron a trav\u00e9s de un comunicado que formar\u00e1n su propio bloque dentro de Juntos por el Cambio. <\/p>\n\n\n\n<p>\u00ab<em>Dado a los acontecimientos que son de p\u00fablico conocimiento, nos vemos en la obligaci\u00f3n de aclarar nuestra postura ante la opini\u00f3n p\u00fablica. <br>Queremos ratificar, los concejales abajo firmantes, que no dejaremos de pertenecer ni de defender nuestra agrupaci\u00f3n pol\u00edtica de JUNTOS POREL CAMBIO de San Pedro, por el cual fuimos elegidos a trav\u00e9s del voto popular para desempe\u00f1arnos en el Honorable Concejo Deliberante. <br>Respetamos las decisiones adoptadas por el Sr. Intendente de dejar el espacio del cual formamos parte, como as\u00ed tambi\u00e9n la decisi\u00f3n tomada por los cinco concejales UCR-PRO\u00bb.<\/em><\/p>\n\n\n\n<p>La realidad que todo esto sucede como desencadenante cuando el Intendente Cecilio Salazar decide alinear el Partido Fe con el Frente de Todos y comienza a mostrarse p\u00fablicamente apoyando al presidente Alberto Fernandez y a Axel Kicilof.<\/p>\n\n\n\n<p>Todav\u00eda se desconoce cual ser\u00e1 la actitud que tomaran los cinco concejales del Frente de Todos con el cambio del Partido Fe al Gobierno Nacional, todav\u00eda no se determino que rol ocuparan los actuales opositores que durante los \u00faltimos a\u00f1os han sido minor\u00eda y luchado f\u00e9rreamente frente a las decisiones tomadas por el Intendente cuando apoyaba al ex presidente Mauricio Macri y a la Gobernadora Maria Eugenia Vidal.<\/p>\n\n\n\n<p><strong>Por lo que el HCD quedar\u00eda por el momento de la siguiente manera<\/strong><\/p>\n\n\n\n<ul class=\"wp-block-list\"><li>5 ediles &#8211; Mart\u00edn Pando, Alejandro Donatti, Juan Pablo Ruozi, Dami\u00e1n Lafalce y Elisa Ferraro (representante del Radicalismo y PRO, siendo un posible bloque \u00abCambiemos\u00bb)<\/li><li>3 ediles &#8211; Gerardo Pelletier, Natalia Lujan Claverini y Ana Carolina Tiramonti (posibles bloque disidente de \u00abJuntos por el Cambio\u00bb)<\/li><li>4 ediles &#8211; Silvina Ibern, M\u00f3nica Otero, Iv\u00e1n Paz y Juan Garavaglia (Oficialismo Duro \u00abJuntos por el Cambio oficialista\u00bb  aunque Ibern pertenec\u00eda al radicalismo seguir\u00e1 acompa\u00f1ando a Salazar)<\/li><li>6 ediles &#8211; Martin Baraybar, Maria Florencia Sanchez, Juan cruz Gonzalez, Maria Soledad Llull, Tamara Vlaeminck y Fernando Gast\u00f3n Casco (El Frente de Todos actual bloque opositor y \u00bfposible bloque oficialista?)<\/li><\/ul>\n\n\n\n<p>Se espera la repercusi\u00f3n y las acciones que tomaran algunos de los funcionarios que son \u00abrepresentantes\u00bb del Partido Radical y del PRO, si continuaran apoyando al intendente en su gesti\u00f3n pasando a ser \u00abdel oficialismo nacional\u00bb o dar\u00e1n un paso al costado para acompa\u00f1ar su partido en las pr\u00f3ximas elecciones.<\/p>\n","protected":false},"excerpt":{"rendered":"<p>El d\u00eda de hoy dejo una jornada cargada de informaci\u00f3n con la ruptura de \u00abJuntos por el Cambio\u00bb definitivamente alterando por completo el panorama dentro del Honorable Concejo Deliberante. Como estaba previsto que sucediera en la jornada de hoy se oficializo la salida de cinco ediles que representan tres al radicalismo y otros dos al [&hellip;]<\/p>\n","protected":false},"author":4,"featured_media":94563,"comment_status":"open","ping_status":"closed","sticky":false,"template":"","format":"standard","meta":{"om_disable_all_campaigns":false,"_jetpack_memberships_contains_paid_content":false,"footnotes":""},"categories":[50,2,102],"tags":[],"class_list":["post-94562","post","type-post","status-publish","format-standard","has-post-thumbnail","hentry","category-destacadas","category-locales","category-politica-locales"],"aioseo_notices":[],"gutentor_comment":0,"jetpack_featured_media_url":"https:\/\/eldiariodesanpedro.com.ar\/sitio\/wp-content\/uploads\/2021\/06\/Sin-titulo-1-18.jpg","jetpack_shortlink":"https:\/\/wp.me\/p6RhLt-oBc","jetpack_sharing_enabled":true,"_links":{"self":[{"href":"https:\/\/eldiariodesanpedro.com.ar\/sitio\/wp-json\/wp\/v2\/posts\/94562","targetHints":{"allow":["GET"]}}],"collection":[{"href":"https:\/\/eldiariodesanpedro.com.ar\/sitio\/wp-json\/wp\/v2\/posts"}],"about":[{"href":"https:\/\/eldiariodesanpedro.com.ar\/sitio\/wp-json\/wp\/v2\/types\/post"}],"author":[{"embeddable":true,"href":"https:\/\/eldiariodesanpedro.com.ar\/sitio\/wp-json\/wp\/v2\/users\/4"}],"replies":[{"embeddable":true,"href":"https:\/\/eldiariodesanpedro.com.ar\/sitio\/wp-json\/wp\/v2\/comments?post=94562"}],"version-history":[{"count":7,"href":"https:\/\/eldiariodesanpedro.com.ar\/sitio\/wp-json\/wp\/v2\/posts\/94562\/revisions"}],"predecessor-version":[{"id":94572,"href":"https:\/\/eldiariodesanpedro.com.ar\/sitio\/wp-json\/wp\/v2\/posts\/94562\/revisions\/94572"}],"wp:featuredmedia":[{"embeddable":true,"href":"https:\/\/eldiariodesanpedro.com.ar\/sitio\/wp-json\/wp\/v2\/media\/94563"}],"wp:attachment":[{"href":"https:\/\/eldiariodesanpedro.com.ar\/sitio\/wp-json\/wp\/v2\/media?parent=94562"}],"wp:term":[{"taxonomy":"category","embeddable":true,"href":"https:\/\/eldiariodesanpedro.com.ar\/sitio\/wp-json\/wp\/v2\/categories?post=94562"},{"taxonomy":"post_tag","embeddable":true,"href":"https:\/\/eldiariodesanpedro.com.ar\/sitio\/wp-json\/wp\/v2\/tags?post=94562"}],"curies":[{"name":"wp","href":"https:\/\/api.w.org\/{rel}","templated":true}]}}