{"id":94545,"date":"2021-06-22T12:18:03","date_gmt":"2021-06-22T15:18:03","guid":{"rendered":"https:\/\/eldiariodesanpedro.com.ar\/sitio\/?p=94545"},"modified":"2021-06-22T12:18:08","modified_gmt":"2021-06-22T15:18:08","slug":"se-aprehendieron-a-tres-personas-por-violar-restricciones-perimetral","status":"publish","type":"post","link":"https:\/\/eldiariodesanpedro.com.ar\/sitio\/se-aprehendieron-a-tres-personas-por-violar-restricciones-perimetral\/","title":{"rendered":"Se aprehendieron a tres personas por violar restricciones perimetral"},"content":{"rendered":"<!-- VideographyWP Plugin Message: Automatic video embedding prevented by plugin options. -->\n\n<p>En la tarde de ayer el personal policial del destacamento de Santa Luc\u00eda en calle Dr. Doyle sin numeraci\u00f3n catastral, zona rural proceden a aprehensi\u00f3n de pareja hombre y mujer de 43 a\u00f1os de edad, quienes se encontraban violando medida perimetral impuesta por la justicia, sobre el domicilio de masculino de 51 a\u00f1os de edad, por episodios de violencia anterior. La v\u00edctima radic\u00f3 denuncia,&nbsp; y los aprehendidos permanecen en sede policial a disposici\u00f3n de la fiscal\u00eda local.<\/p>\n\n\n\n<p>Tambi\u00e9n en la madrugada de hoy promediando las 02:30 hs, polic\u00eda alertada 11 de Septiembre y Bozzano realiza la aprehensi\u00f3n de un masculino de 18 a\u00f1os de edad, incumplia restricci\u00f3n perimetral impuesta por la justicia domicilio de su t\u00edo, otro masculino de 39 a\u00f1os, quien radic\u00f3 denuncia correspondiente. El aprehendido permanece alojado en sede policial a disposici\u00f3n de la fiscal\u00eda local.<\/p>\n","protected":false},"excerpt":{"rendered":"<p>En la tarde de ayer el personal policial del destacamento de Santa Luc\u00eda en calle Dr. Doyle sin numeraci\u00f3n catastral, zona rural proceden a aprehensi\u00f3n de pareja hombre y mujer de 43 a\u00f1os de edad, quienes se encontraban violando medida perimetral impuesta por la justicia, sobre el domicilio de masculino de 51 a\u00f1os de edad, [&hellip;]<\/p>\n","protected":false},"author":4,"featured_media":94546,"comment_status":"open","ping_status":"closed","sticky":false,"template":"","format":"standard","meta":{"om_disable_all_campaigns":false,"_jetpack_memberships_contains_paid_content":false,"footnotes":""},"categories":[2,103],"tags":[],"class_list":["post-94545","post","type-post","status-publish","format-standard","has-post-thumbnail","hentry","category-locales","category-policiales-locales"],"aioseo_notices":[],"gutentor_comment":0,"jetpack_featured_media_url":"https:\/\/eldiariodesanpedro.com.ar\/sitio\/wp-content\/uploads\/2021\/06\/Sin-titulo-5.jpg","jetpack_shortlink":"https:\/\/wp.me\/p6RhLt-oAV","jetpack_sharing_enabled":true,"_links":{"self":[{"href":"https:\/\/eldiariodesanpedro.com.ar\/sitio\/wp-json\/wp\/v2\/posts\/94545","targetHints":{"allow":["GET"]}}],"collection":[{"href":"https:\/\/eldiariodesanpedro.com.ar\/sitio\/wp-json\/wp\/v2\/posts"}],"about":[{"href":"https:\/\/eldiariodesanpedro.com.ar\/sitio\/wp-json\/wp\/v2\/types\/post"}],"author":[{"embeddable":true,"href":"https:\/\/eldiariodesanpedro.com.ar\/sitio\/wp-json\/wp\/v2\/users\/4"}],"replies":[{"embeddable":true,"href":"https:\/\/eldiariodesanpedro.com.ar\/sitio\/wp-json\/wp\/v2\/comments?post=94545"}],"version-history":[{"count":1,"href":"https:\/\/eldiariodesanpedro.com.ar\/sitio\/wp-json\/wp\/v2\/posts\/94545\/revisions"}],"predecessor-version":[{"id":94547,"href":"https:\/\/eldiariodesanpedro.com.ar\/sitio\/wp-json\/wp\/v2\/posts\/94545\/revisions\/94547"}],"wp:featuredmedia":[{"embeddable":true,"href":"https:\/\/eldiariodesanpedro.com.ar\/sitio\/wp-json\/wp\/v2\/media\/94546"}],"wp:attachment":[{"href":"https:\/\/eldiariodesanpedro.com.ar\/sitio\/wp-json\/wp\/v2\/media?parent=94545"}],"wp:term":[{"taxonomy":"category","embeddable":true,"href":"https:\/\/eldiariodesanpedro.com.ar\/sitio\/wp-json\/wp\/v2\/categories?post=94545"},{"taxonomy":"post_tag","embeddable":true,"href":"https:\/\/eldiariodesanpedro.com.ar\/sitio\/wp-json\/wp\/v2\/tags?post=94545"}],"curies":[{"name":"wp","href":"https:\/\/api.w.org\/{rel}","templated":true}]}}