{"id":94542,"date":"2021-06-22T12:08:49","date_gmt":"2021-06-22T15:08:49","guid":{"rendered":"https:\/\/eldiariodesanpedro.com.ar\/sitio\/?p=94542"},"modified":"2021-06-22T12:08:53","modified_gmt":"2021-06-22T15:08:53","slug":"dos-aprehendidos-en-el-barrio-los-azahares-y-los-vecinos-denuncian-constantes-robos-en-la-zona","status":"publish","type":"post","link":"https:\/\/eldiariodesanpedro.com.ar\/sitio\/dos-aprehendidos-en-el-barrio-los-azahares-y-los-vecinos-denuncian-constantes-robos-en-la-zona\/","title":{"rendered":"Dos aprehendidos en el barrio Los Azahares y los vecinos denuncian constantes robos en la zona"},"content":{"rendered":"<!-- VideographyWP Plugin Message: Automatic video embedding prevented by plugin options. -->\n\n<p>En la tarde de ayer el personal policial en Barrio los Azahares proceden a la aprehensi\u00f3n de dos delincuentes de 33 y 26 a\u00f1os de edad, a quienes se les secuestr\u00f3 bolsas con naranjas que sustrajeron arrancando de plantaciones ubicadas en el lugar, propiedad de masculino de 43 a\u00f1os de edad quien radic\u00f3 la correspondiente denuncia.&nbsp;<\/p>\n\n\n\n<p>Arrastraban adem\u00e1s cinc varillas de hierro construcci\u00f3n, de los cuales se trata establecer procedencia ya que existen varias construcciones en la zona.&nbsp;<\/p>\n\n\n\n<p>Permanecen alojados en sede policial a disposici\u00f3n de la fiscal\u00eda local&nbsp;<\/p>\n\n\n\n<p>Varios ciudadanos de la zona denunciaron constantes robos en el barrio y solicitan mayor seguridad. <\/p>\n","protected":false},"excerpt":{"rendered":"<p>En la tarde de ayer el personal policial en Barrio los Azahares proceden a la aprehensi\u00f3n de dos delincuentes de 33 y 26 a\u00f1os de edad, a quienes se les secuestr\u00f3 bolsas con naranjas que sustrajeron arrancando de plantaciones ubicadas en el lugar, propiedad de masculino de 43 a\u00f1os de edad quien radic\u00f3 la correspondiente [&hellip;]<\/p>\n","protected":false},"author":4,"featured_media":94543,"comment_status":"open","ping_status":"closed","sticky":false,"template":"","format":"standard","meta":{"om_disable_all_campaigns":false,"_jetpack_memberships_contains_paid_content":false,"footnotes":""},"categories":[2,103],"tags":[],"class_list":["post-94542","post","type-post","status-publish","format-standard","has-post-thumbnail","hentry","category-locales","category-policiales-locales"],"aioseo_notices":[],"gutentor_comment":0,"jetpack_featured_media_url":"https:\/\/eldiariodesanpedro.com.ar\/sitio\/wp-content\/uploads\/2021\/06\/Sin-titulo-4.jpg","jetpack_shortlink":"https:\/\/wp.me\/p6RhLt-oAS","jetpack_sharing_enabled":true,"_links":{"self":[{"href":"https:\/\/eldiariodesanpedro.com.ar\/sitio\/wp-json\/wp\/v2\/posts\/94542","targetHints":{"allow":["GET"]}}],"collection":[{"href":"https:\/\/eldiariodesanpedro.com.ar\/sitio\/wp-json\/wp\/v2\/posts"}],"about":[{"href":"https:\/\/eldiariodesanpedro.com.ar\/sitio\/wp-json\/wp\/v2\/types\/post"}],"author":[{"embeddable":true,"href":"https:\/\/eldiariodesanpedro.com.ar\/sitio\/wp-json\/wp\/v2\/users\/4"}],"replies":[{"embeddable":true,"href":"https:\/\/eldiariodesanpedro.com.ar\/sitio\/wp-json\/wp\/v2\/comments?post=94542"}],"version-history":[{"count":1,"href":"https:\/\/eldiariodesanpedro.com.ar\/sitio\/wp-json\/wp\/v2\/posts\/94542\/revisions"}],"predecessor-version":[{"id":94544,"href":"https:\/\/eldiariodesanpedro.com.ar\/sitio\/wp-json\/wp\/v2\/posts\/94542\/revisions\/94544"}],"wp:featuredmedia":[{"embeddable":true,"href":"https:\/\/eldiariodesanpedro.com.ar\/sitio\/wp-json\/wp\/v2\/media\/94543"}],"wp:attachment":[{"href":"https:\/\/eldiariodesanpedro.com.ar\/sitio\/wp-json\/wp\/v2\/media?parent=94542"}],"wp:term":[{"taxonomy":"category","embeddable":true,"href":"https:\/\/eldiariodesanpedro.com.ar\/sitio\/wp-json\/wp\/v2\/categories?post=94542"},{"taxonomy":"post_tag","embeddable":true,"href":"https:\/\/eldiariodesanpedro.com.ar\/sitio\/wp-json\/wp\/v2\/tags?post=94542"}],"curies":[{"name":"wp","href":"https:\/\/api.w.org\/{rel}","templated":true}]}}