{"id":94534,"date":"2021-06-22T11:38:47","date_gmt":"2021-06-22T14:38:47","guid":{"rendered":"https:\/\/eldiariodesanpedro.com.ar\/sitio\/?p=94534"},"modified":"2021-06-22T11:38:51","modified_gmt":"2021-06-22T14:38:51","slug":"violencia-de-genero-una-mujer-aprehendida-por-provocarle-lesiones-a-la-pareja","status":"publish","type":"post","link":"https:\/\/eldiariodesanpedro.com.ar\/sitio\/violencia-de-genero-una-mujer-aprehendida-por-provocarle-lesiones-a-la-pareja\/","title":{"rendered":"Violencia de genero: Una mujer aprehendida por provocarle lesiones a la pareja"},"content":{"rendered":"<!-- VideographyWP Plugin Message: Automatic video embedding prevented by plugin options. -->\n\n<p>El pasado lunes el personal policial alertado por conflicto familiar acudi\u00f3 a calle Las Heras al 900, aprehende femenina de 25 a\u00f1os, quien momentos previos agrede a su pareja masculino de 25 a\u00f1os.<\/p>\n\n\n\n<p>La v\u00edctima es asistida presentando lesiones de car\u00e1cter leves, Interviene la justicia local.<\/p>\n","protected":false},"excerpt":{"rendered":"<p>El pasado lunes el personal policial alertado por conflicto familiar acudi\u00f3 a calle Las Heras al 900, aprehende femenina de 25 a\u00f1os, quien momentos previos agrede a su pareja masculino de 25 a\u00f1os. La v\u00edctima es asistida presentando lesiones de car\u00e1cter leves, Interviene la justicia local.<\/p>\n","protected":false},"author":4,"featured_media":94535,"comment_status":"open","ping_status":"closed","sticky":false,"template":"","format":"standard","meta":{"om_disable_all_campaigns":false,"_jetpack_memberships_contains_paid_content":false,"footnotes":""},"categories":[2,103],"tags":[],"class_list":["post-94534","post","type-post","status-publish","format-standard","has-post-thumbnail","hentry","category-locales","category-policiales-locales"],"aioseo_notices":[],"gutentor_comment":0,"jetpack_featured_media_url":"https:\/\/eldiariodesanpedro.com.ar\/sitio\/wp-content\/uploads\/2021\/06\/mujere.jpg","jetpack_shortlink":"https:\/\/wp.me\/p6RhLt-oAK","jetpack_sharing_enabled":true,"_links":{"self":[{"href":"https:\/\/eldiariodesanpedro.com.ar\/sitio\/wp-json\/wp\/v2\/posts\/94534","targetHints":{"allow":["GET"]}}],"collection":[{"href":"https:\/\/eldiariodesanpedro.com.ar\/sitio\/wp-json\/wp\/v2\/posts"}],"about":[{"href":"https:\/\/eldiariodesanpedro.com.ar\/sitio\/wp-json\/wp\/v2\/types\/post"}],"author":[{"embeddable":true,"href":"https:\/\/eldiariodesanpedro.com.ar\/sitio\/wp-json\/wp\/v2\/users\/4"}],"replies":[{"embeddable":true,"href":"https:\/\/eldiariodesanpedro.com.ar\/sitio\/wp-json\/wp\/v2\/comments?post=94534"}],"version-history":[{"count":1,"href":"https:\/\/eldiariodesanpedro.com.ar\/sitio\/wp-json\/wp\/v2\/posts\/94534\/revisions"}],"predecessor-version":[{"id":94536,"href":"https:\/\/eldiariodesanpedro.com.ar\/sitio\/wp-json\/wp\/v2\/posts\/94534\/revisions\/94536"}],"wp:featuredmedia":[{"embeddable":true,"href":"https:\/\/eldiariodesanpedro.com.ar\/sitio\/wp-json\/wp\/v2\/media\/94535"}],"wp:attachment":[{"href":"https:\/\/eldiariodesanpedro.com.ar\/sitio\/wp-json\/wp\/v2\/media?parent=94534"}],"wp:term":[{"taxonomy":"category","embeddable":true,"href":"https:\/\/eldiariodesanpedro.com.ar\/sitio\/wp-json\/wp\/v2\/categories?post=94534"},{"taxonomy":"post_tag","embeddable":true,"href":"https:\/\/eldiariodesanpedro.com.ar\/sitio\/wp-json\/wp\/v2\/tags?post=94534"}],"curies":[{"name":"wp","href":"https:\/\/api.w.org\/{rel}","templated":true}]}}