{"id":94532,"date":"2021-06-22T11:30:55","date_gmt":"2021-06-22T14:30:55","guid":{"rendered":"https:\/\/eldiariodesanpedro.com.ar\/sitio\/?p=94532"},"modified":"2021-06-22T11:30:59","modified_gmt":"2021-06-22T14:30:59","slug":"un-joven-aprehendido-por-golpear-a-su-hijastro-de-13-anos","status":"publish","type":"post","link":"https:\/\/eldiariodesanpedro.com.ar\/sitio\/un-joven-aprehendido-por-golpear-a-su-hijastro-de-13-anos\/","title":{"rendered":"Un joven aprehendido por golpear a su hijastro de 13 a\u00f1os"},"content":{"rendered":"<!-- VideographyWP Plugin Message: Automatic video embedding prevented by plugin options. -->\n\n<p>El personal policial alertado por conflicto familiar acude a la calle G\u00fcemes al 1400, donde procede la aprehensi\u00f3n de un ciudadano de 27 a\u00f1os, quien momentos previos agrede a golpes pu\u00f1o hijastro 13 a\u00f1os provocando lesiones leves, v\u00edctima asistido por su madre radic\u00f3 la correspondiente denuncia.<\/p>\n","protected":false},"excerpt":{"rendered":"<p>El personal policial alertado por conflicto familiar acude a la calle G\u00fcemes al 1400, donde procede la aprehensi\u00f3n de un ciudadano de 27 a\u00f1os, quien momentos previos agrede a golpes pu\u00f1o hijastro 13 a\u00f1os provocando lesiones leves, v\u00edctima asistido por su madre radic\u00f3 la correspondiente denuncia.<\/p>\n","protected":false},"author":4,"featured_media":77860,"comment_status":"open","ping_status":"closed","sticky":false,"template":"","format":"standard","meta":{"om_disable_all_campaigns":false,"_jetpack_memberships_contains_paid_content":false,"footnotes":""},"categories":[2,103],"tags":[],"class_list":["post-94532","post","type-post","status-publish","format-standard","has-post-thumbnail","hentry","category-locales","category-policiales-locales"],"aioseo_notices":[],"gutentor_comment":0,"jetpack_featured_media_url":"https:\/\/eldiariodesanpedro.com.ar\/sitio\/wp-content\/uploads\/2020\/07\/000085506.jpg","jetpack_shortlink":"https:\/\/wp.me\/p6RhLt-oAI","jetpack_sharing_enabled":true,"_links":{"self":[{"href":"https:\/\/eldiariodesanpedro.com.ar\/sitio\/wp-json\/wp\/v2\/posts\/94532","targetHints":{"allow":["GET"]}}],"collection":[{"href":"https:\/\/eldiariodesanpedro.com.ar\/sitio\/wp-json\/wp\/v2\/posts"}],"about":[{"href":"https:\/\/eldiariodesanpedro.com.ar\/sitio\/wp-json\/wp\/v2\/types\/post"}],"author":[{"embeddable":true,"href":"https:\/\/eldiariodesanpedro.com.ar\/sitio\/wp-json\/wp\/v2\/users\/4"}],"replies":[{"embeddable":true,"href":"https:\/\/eldiariodesanpedro.com.ar\/sitio\/wp-json\/wp\/v2\/comments?post=94532"}],"version-history":[{"count":1,"href":"https:\/\/eldiariodesanpedro.com.ar\/sitio\/wp-json\/wp\/v2\/posts\/94532\/revisions"}],"predecessor-version":[{"id":94533,"href":"https:\/\/eldiariodesanpedro.com.ar\/sitio\/wp-json\/wp\/v2\/posts\/94532\/revisions\/94533"}],"wp:featuredmedia":[{"embeddable":true,"href":"https:\/\/eldiariodesanpedro.com.ar\/sitio\/wp-json\/wp\/v2\/media\/77860"}],"wp:attachment":[{"href":"https:\/\/eldiariodesanpedro.com.ar\/sitio\/wp-json\/wp\/v2\/media?parent=94532"}],"wp:term":[{"taxonomy":"category","embeddable":true,"href":"https:\/\/eldiariodesanpedro.com.ar\/sitio\/wp-json\/wp\/v2\/categories?post=94532"},{"taxonomy":"post_tag","embeddable":true,"href":"https:\/\/eldiariodesanpedro.com.ar\/sitio\/wp-json\/wp\/v2\/tags?post=94532"}],"curies":[{"name":"wp","href":"https:\/\/api.w.org\/{rel}","templated":true}]}}