{"id":94524,"date":"2021-06-22T11:22:06","date_gmt":"2021-06-22T14:22:06","guid":{"rendered":"https:\/\/eldiariodesanpedro.com.ar\/sitio\/?p=94524"},"modified":"2021-06-22T11:22:07","modified_gmt":"2021-06-22T14:22:07","slug":"dos-jovenes-aprehendidos-infraganti-robando-luces-en-el-paseo-dos","status":"publish","type":"post","link":"https:\/\/eldiariodesanpedro.com.ar\/sitio\/dos-jovenes-aprehendidos-infraganti-robando-luces-en-el-paseo-dos\/","title":{"rendered":"Dos j\u00f3venes aprehendidos infraganti robando luces en el paseo dos"},"content":{"rendered":"<!-- VideographyWP Plugin Message: Automatic video embedding prevented by plugin options. -->\n\n<p>En la noche del domingo pasado, promediando las 23:30 horas el personal policial en Av.\u00a0 Espa\u00f1a zona costanera baja en el predio del Paseo P\u00fablico 2 frente al Ex Tiro Federal,\u00a0 procede aprehensi\u00f3n de dos delincuentes de 22 y 17 a\u00f1os a\u00f1os de edad,\u00a0 in-fraganti delito sustrayendo dos reflectores, farolas, l\u00e1mparas colgantes, las que intentaban sustraer tras cortar los cables el\u00e9ctricos de alimentaci\u00f3n, como as\u00ed treinta metros de cable el\u00e9ctrico de gruesa medida con portal\u00e1mparas, los cuales seccionaron para sustraerlos. <\/p>\n\n\n\n<p>Intervino la justicia de menores de San Nicol\u00e1s, recuperando posteriormente la libertad.\u00a0<\/p>\n\n\n\n<div class=\"wp-block-image\"><figure class=\"aligncenter size-large\"><img decoding=\"async\" width=\"562\" height=\"858\" data-attachment-id=\"94526\" data-permalink=\"https:\/\/eldiariodesanpedro.com.ar\/sitio\/dos-jovenes-aprehendidos-infraganti-robando-luces-en-el-paseo-dos\/whatsapp-image-2021-06-22-at-09-41-15-1\/\" data-orig-file=\"https:\/\/eldiariodesanpedro.com.ar\/sitio\/wp-content\/uploads\/2021\/06\/WhatsApp-Image-2021-06-22-at-09.41.15-1.jpeg\" data-orig-size=\"562,858\" data-comments-opened=\"1\" data-image-meta=\"{&quot;aperture&quot;:&quot;0&quot;,&quot;credit&quot;:&quot;&quot;,&quot;camera&quot;:&quot;&quot;,&quot;caption&quot;:&quot;&quot;,&quot;created_timestamp&quot;:&quot;0&quot;,&quot;copyright&quot;:&quot;&quot;,&quot;focal_length&quot;:&quot;0&quot;,&quot;iso&quot;:&quot;0&quot;,&quot;shutter_speed&quot;:&quot;0&quot;,&quot;title&quot;:&quot;&quot;,&quot;orientation&quot;:&quot;0&quot;}\" data-image-title=\"WhatsApp-Image-2021-06-22-at-09.41.15-1\" data-image-description=\"\" data-image-caption=\"\" data-large-file=\"https:\/\/eldiariodesanpedro.com.ar\/sitio\/wp-content\/uploads\/2021\/06\/WhatsApp-Image-2021-06-22-at-09.41.15-1.jpeg\" data-src=\"https:\/\/eldiariodesanpedro.com.ar\/sitio\/wp-content\/uploads\/2021\/06\/WhatsApp-Image-2021-06-22-at-09.41.15-1.jpeg\" alt=\"\" class=\"wp-image-94526 lazyload\" data-srcset=\"https:\/\/eldiariodesanpedro.com.ar\/sitio\/wp-content\/uploads\/2021\/06\/WhatsApp-Image-2021-06-22-at-09.41.15-1.jpeg 562w, https:\/\/eldiariodesanpedro.com.ar\/sitio\/wp-content\/uploads\/2021\/06\/WhatsApp-Image-2021-06-22-at-09.41.15-1-197x300.jpeg 197w\" data-sizes=\"(max-width: 562px) 100vw, 562px\" src=\"data:image\/svg+xml;base64,PHN2ZyB3aWR0aD0iMSIgaGVpZ2h0PSIxIiB4bWxucz0iaHR0cDovL3d3dy53My5vcmcvMjAwMC9zdmciPjwvc3ZnPg==\" style=\"--smush-placeholder-width: 562px; --smush-placeholder-aspect-ratio: 562\/858;\" \/><\/figure><\/div>\n","protected":false},"excerpt":{"rendered":"<p>En la noche del domingo pasado, promediando las 23:30 horas el personal policial en Av.\u00a0 Espa\u00f1a zona costanera baja en el predio del Paseo P\u00fablico 2 frente al Ex Tiro Federal,\u00a0 procede aprehensi\u00f3n de dos delincuentes de 22 y 17 a\u00f1os a\u00f1os de edad,\u00a0 in-fraganti delito sustrayendo dos reflectores, farolas, l\u00e1mparas colgantes, las que intentaban [&hellip;]<\/p>\n","protected":false},"author":4,"featured_media":94525,"comment_status":"open","ping_status":"closed","sticky":false,"template":"","format":"standard","meta":{"om_disable_all_campaigns":false,"_jetpack_memberships_contains_paid_content":false,"footnotes":""},"categories":[2,103],"tags":[],"class_list":["post-94524","post","type-post","status-publish","format-standard","has-post-thumbnail","hentry","category-locales","category-policiales-locales"],"aioseo_notices":[],"gutentor_comment":0,"jetpack_featured_media_url":"https:\/\/eldiariodesanpedro.com.ar\/sitio\/wp-content\/uploads\/2021\/06\/Sin-titulo-3.jpg","jetpack_shortlink":"https:\/\/wp.me\/p6RhLt-oAA","jetpack_sharing_enabled":true,"_links":{"self":[{"href":"https:\/\/eldiariodesanpedro.com.ar\/sitio\/wp-json\/wp\/v2\/posts\/94524","targetHints":{"allow":["GET"]}}],"collection":[{"href":"https:\/\/eldiariodesanpedro.com.ar\/sitio\/wp-json\/wp\/v2\/posts"}],"about":[{"href":"https:\/\/eldiariodesanpedro.com.ar\/sitio\/wp-json\/wp\/v2\/types\/post"}],"author":[{"embeddable":true,"href":"https:\/\/eldiariodesanpedro.com.ar\/sitio\/wp-json\/wp\/v2\/users\/4"}],"replies":[{"embeddable":true,"href":"https:\/\/eldiariodesanpedro.com.ar\/sitio\/wp-json\/wp\/v2\/comments?post=94524"}],"version-history":[{"count":1,"href":"https:\/\/eldiariodesanpedro.com.ar\/sitio\/wp-json\/wp\/v2\/posts\/94524\/revisions"}],"predecessor-version":[{"id":94527,"href":"https:\/\/eldiariodesanpedro.com.ar\/sitio\/wp-json\/wp\/v2\/posts\/94524\/revisions\/94527"}],"wp:featuredmedia":[{"embeddable":true,"href":"https:\/\/eldiariodesanpedro.com.ar\/sitio\/wp-json\/wp\/v2\/media\/94525"}],"wp:attachment":[{"href":"https:\/\/eldiariodesanpedro.com.ar\/sitio\/wp-json\/wp\/v2\/media?parent=94524"}],"wp:term":[{"taxonomy":"category","embeddable":true,"href":"https:\/\/eldiariodesanpedro.com.ar\/sitio\/wp-json\/wp\/v2\/categories?post=94524"},{"taxonomy":"post_tag","embeddable":true,"href":"https:\/\/eldiariodesanpedro.com.ar\/sitio\/wp-json\/wp\/v2\/tags?post=94524"}],"curies":[{"name":"wp","href":"https:\/\/api.w.org\/{rel}","templated":true}]}}