{"id":94522,"date":"2021-06-22T11:08:58","date_gmt":"2021-06-22T14:08:58","guid":{"rendered":"https:\/\/eldiariodesanpedro.com.ar\/sitio\/?p=94522"},"modified":"2021-06-22T11:09:02","modified_gmt":"2021-06-22T14:09:02","slug":"un-ciudadano-aprehendido-por-danos-y-por-agredir-con-un-cuchillo-a-su-hermana","status":"publish","type":"post","link":"https:\/\/eldiariodesanpedro.com.ar\/sitio\/un-ciudadano-aprehendido-por-danos-y-por-agredir-con-un-cuchillo-a-su-hermana\/","title":{"rendered":"Un ciudadano aprehendido por da\u00f1os y por agredir con un cuchillo a su hermana"},"content":{"rendered":"<!-- VideographyWP Plugin Message: Automatic video embedding prevented by plugin options. -->\n\n<p>El pasado domingo en horas de la noche el\u00a0 personal policial se hizo presente en calle Ansaloni al 2000 donde procede a aprehensi\u00f3n de masculino de 33 a\u00f1os edad, quien momentos previos provoc\u00f3 da\u00f1o en puerta y ventana domicilio del lugar propiedad de un ciudadano de 69 a\u00f1os.\u00a0<\/p>\n\n\n\n<p>Asimismo anteriormente calle Salta 2598 previo realizar amenazas, agrede con arma blanca a su hermana de 20 a\u00f1os.&nbsp;<\/p>\n\n\n\n<p>V\u00edctima trasladada a la Comisar\u00eda de la Mujer y la Familia de San Pedro a los fines de ser asistida.&nbsp;<\/p>\n\n\n\n<p>La v\u00edctima del ataque present\u00f3 lesiones de car\u00e1cter leves, insta a la acci\u00f3n penal.<\/p>\n","protected":false},"excerpt":{"rendered":"<p>El pasado domingo en horas de la noche el\u00a0 personal policial se hizo presente en calle Ansaloni al 2000 donde procede a aprehensi\u00f3n de masculino de 33 a\u00f1os edad, quien momentos previos provoc\u00f3 da\u00f1o en puerta y ventana domicilio del lugar propiedad de un ciudadano de 69 a\u00f1os.\u00a0 Asimismo anteriormente calle Salta 2598 previo realizar [&hellip;]<\/p>\n","protected":false},"author":4,"featured_media":77910,"comment_status":"open","ping_status":"closed","sticky":false,"template":"","format":"standard","meta":{"om_disable_all_campaigns":false,"_jetpack_memberships_contains_paid_content":false,"footnotes":""},"categories":[2,103],"tags":[],"class_list":["post-94522","post","type-post","status-publish","format-standard","has-post-thumbnail","hentry","category-locales","category-policiales-locales"],"aioseo_notices":[],"gutentor_comment":0,"jetpack_featured_media_url":"https:\/\/eldiariodesanpedro.com.ar\/sitio\/wp-content\/uploads\/2020\/07\/no_ssowqejple3k931nop1c56465t83uu31kc3o1tm219bh1_1_.jpg","jetpack_shortlink":"https:\/\/wp.me\/p6RhLt-oAy","jetpack_sharing_enabled":true,"_links":{"self":[{"href":"https:\/\/eldiariodesanpedro.com.ar\/sitio\/wp-json\/wp\/v2\/posts\/94522","targetHints":{"allow":["GET"]}}],"collection":[{"href":"https:\/\/eldiariodesanpedro.com.ar\/sitio\/wp-json\/wp\/v2\/posts"}],"about":[{"href":"https:\/\/eldiariodesanpedro.com.ar\/sitio\/wp-json\/wp\/v2\/types\/post"}],"author":[{"embeddable":true,"href":"https:\/\/eldiariodesanpedro.com.ar\/sitio\/wp-json\/wp\/v2\/users\/4"}],"replies":[{"embeddable":true,"href":"https:\/\/eldiariodesanpedro.com.ar\/sitio\/wp-json\/wp\/v2\/comments?post=94522"}],"version-history":[{"count":1,"href":"https:\/\/eldiariodesanpedro.com.ar\/sitio\/wp-json\/wp\/v2\/posts\/94522\/revisions"}],"predecessor-version":[{"id":94523,"href":"https:\/\/eldiariodesanpedro.com.ar\/sitio\/wp-json\/wp\/v2\/posts\/94522\/revisions\/94523"}],"wp:featuredmedia":[{"embeddable":true,"href":"https:\/\/eldiariodesanpedro.com.ar\/sitio\/wp-json\/wp\/v2\/media\/77910"}],"wp:attachment":[{"href":"https:\/\/eldiariodesanpedro.com.ar\/sitio\/wp-json\/wp\/v2\/media?parent=94522"}],"wp:term":[{"taxonomy":"category","embeddable":true,"href":"https:\/\/eldiariodesanpedro.com.ar\/sitio\/wp-json\/wp\/v2\/categories?post=94522"},{"taxonomy":"post_tag","embeddable":true,"href":"https:\/\/eldiariodesanpedro.com.ar\/sitio\/wp-json\/wp\/v2\/tags?post=94522"}],"curies":[{"name":"wp","href":"https:\/\/api.w.org\/{rel}","templated":true}]}}