{"id":94514,"date":"2021-06-22T10:51:15","date_gmt":"2021-06-22T13:51:15","guid":{"rendered":"https:\/\/eldiariodesanpedro.com.ar\/sitio\/?p=94514"},"modified":"2021-06-22T10:51:19","modified_gmt":"2021-06-22T13:51:19","slug":"la-policia-intervino-en-un-asado-entre-amigos-en-un-bar","status":"publish","type":"post","link":"https:\/\/eldiariodesanpedro.com.ar\/sitio\/la-policia-intervino-en-un-asado-entre-amigos-en-un-bar\/","title":{"rendered":"La polic\u00eda intervino en un asado entre amigos en un bar"},"content":{"rendered":"<!-- VideographyWP Plugin Message: Automatic video embedding prevented by plugin options. -->\n\n<p>El pasado domingo promediando las 17 hs el personal policial se hace presente tras una denuncia por parte de los vecinos en calle San Lorenzo y Bajada de Ch\u00e1vez donde se constata que un reconocido comercio rubro bar que se encontraba cerrado al p\u00fablico, pero constat\u00e1ndose por un ingreso trasera unas 20 personas reunidas sobremesa de asado, incumpliendo con las normativas vigentes.&nbsp;<\/p>\n\n\n\n<p>Interviene la fiscal\u00eda N\u00ba 07 de San Pedro y el Juzgado de Faltas San Pedro. Respecto del propietario masculino de 42 a\u00f1os imputado del delito referido e informado por la infracci\u00f3n al art\u00edculo 205.<\/p>\n","protected":false},"excerpt":{"rendered":"<p>El pasado domingo promediando las 17 hs el personal policial se hace presente tras una denuncia por parte de los vecinos en calle San Lorenzo y Bajada de Ch\u00e1vez donde se constata que un reconocido comercio rubro bar que se encontraba cerrado al p\u00fablico, pero constat\u00e1ndose por un ingreso trasera unas 20 personas reunidas sobremesa [&hellip;]<\/p>\n","protected":false},"author":4,"featured_media":78774,"comment_status":"open","ping_status":"closed","sticky":false,"template":"","format":"standard","meta":{"om_disable_all_campaigns":false,"_jetpack_memberships_contains_paid_content":false,"footnotes":""},"categories":[2,103],"tags":[],"class_list":["post-94514","post","type-post","status-publish","format-standard","has-post-thumbnail","hentry","category-locales","category-policiales-locales"],"aioseo_notices":[],"gutentor_comment":0,"jetpack_featured_media_url":"https:\/\/eldiariodesanpedro.com.ar\/sitio\/wp-content\/uploads\/2020\/08\/Policia-de-noche-2014-695x510-1.jpg","jetpack_shortlink":"https:\/\/wp.me\/p6RhLt-oAq","jetpack_sharing_enabled":true,"_links":{"self":[{"href":"https:\/\/eldiariodesanpedro.com.ar\/sitio\/wp-json\/wp\/v2\/posts\/94514","targetHints":{"allow":["GET"]}}],"collection":[{"href":"https:\/\/eldiariodesanpedro.com.ar\/sitio\/wp-json\/wp\/v2\/posts"}],"about":[{"href":"https:\/\/eldiariodesanpedro.com.ar\/sitio\/wp-json\/wp\/v2\/types\/post"}],"author":[{"embeddable":true,"href":"https:\/\/eldiariodesanpedro.com.ar\/sitio\/wp-json\/wp\/v2\/users\/4"}],"replies":[{"embeddable":true,"href":"https:\/\/eldiariodesanpedro.com.ar\/sitio\/wp-json\/wp\/v2\/comments?post=94514"}],"version-history":[{"count":1,"href":"https:\/\/eldiariodesanpedro.com.ar\/sitio\/wp-json\/wp\/v2\/posts\/94514\/revisions"}],"predecessor-version":[{"id":94515,"href":"https:\/\/eldiariodesanpedro.com.ar\/sitio\/wp-json\/wp\/v2\/posts\/94514\/revisions\/94515"}],"wp:featuredmedia":[{"embeddable":true,"href":"https:\/\/eldiariodesanpedro.com.ar\/sitio\/wp-json\/wp\/v2\/media\/78774"}],"wp:attachment":[{"href":"https:\/\/eldiariodesanpedro.com.ar\/sitio\/wp-json\/wp\/v2\/media?parent=94514"}],"wp:term":[{"taxonomy":"category","embeddable":true,"href":"https:\/\/eldiariodesanpedro.com.ar\/sitio\/wp-json\/wp\/v2\/categories?post=94514"},{"taxonomy":"post_tag","embeddable":true,"href":"https:\/\/eldiariodesanpedro.com.ar\/sitio\/wp-json\/wp\/v2\/tags?post=94514"}],"curies":[{"name":"wp","href":"https:\/\/api.w.org\/{rel}","templated":true}]}}