{"id":94512,"date":"2021-06-22T10:43:45","date_gmt":"2021-06-22T13:43:45","guid":{"rendered":"https:\/\/eldiariodesanpedro.com.ar\/sitio\/?p=94512"},"modified":"2021-06-22T10:43:50","modified_gmt":"2021-06-22T13:43:50","slug":"una-pareja-herida-en-accidente-en-zona-rural","status":"publish","type":"post","link":"https:\/\/eldiariodesanpedro.com.ar\/sitio\/una-pareja-herida-en-accidente-en-zona-rural\/","title":{"rendered":"Una pareja herida en accidente en zona rural"},"content":{"rendered":"<!-- VideographyWP Plugin Message: Automatic video embedding prevented by plugin options. -->\n\n<p>El pasado domingo siendo las 14 hs, en la localidad de Gobernador Castro en camino a Guzzo S\/N por razones tratase de establecer, un ciudadano de 28 a\u00f1os que pierde el control de la motocicleta que conduc\u00eda y quien llevaba como acompa\u00f1ante a una ciudadana de 22 a\u00f1os.&nbsp;<\/p>\n\n\n\n<p>El personal policial constituido lugar no hall\u00f3 causantes quienes hab\u00edan sido trasladados por ambulancia local al nosocomio de San Pedro. Resultancias masculino presenta trauma facial, mujer corte en cuero cabelludo, ambos sin riesgo de vida.&nbsp;&nbsp;<\/p>\n\n\n\n<p>Intervino la fiscal\u00eda local en turno\u00a0<\/p>\n","protected":false},"excerpt":{"rendered":"<p>El pasado domingo siendo las 14 hs, en la localidad de Gobernador Castro en camino a Guzzo S\/N por razones tratase de establecer, un ciudadano de 28 a\u00f1os que pierde el control de la motocicleta que conduc\u00eda y quien llevaba como acompa\u00f1ante a una ciudadana de 22 a\u00f1os.&nbsp; El personal policial constituido lugar no hall\u00f3 [&hellip;]<\/p>\n","protected":false},"author":4,"featured_media":79647,"comment_status":"open","ping_status":"closed","sticky":false,"template":"","format":"standard","meta":{"om_disable_all_campaigns":false,"_jetpack_memberships_contains_paid_content":false,"footnotes":""},"categories":[2,103],"tags":[],"class_list":["post-94512","post","type-post","status-publish","format-standard","has-post-thumbnail","hentry","category-locales","category-policiales-locales"],"aioseo_notices":[],"gutentor_comment":0,"jetpack_featured_media_url":"https:\/\/eldiariodesanpedro.com.ar\/sitio\/wp-content\/uploads\/2020\/08\/same.jpg","jetpack_shortlink":"https:\/\/wp.me\/p6RhLt-oAo","jetpack_sharing_enabled":true,"_links":{"self":[{"href":"https:\/\/eldiariodesanpedro.com.ar\/sitio\/wp-json\/wp\/v2\/posts\/94512","targetHints":{"allow":["GET"]}}],"collection":[{"href":"https:\/\/eldiariodesanpedro.com.ar\/sitio\/wp-json\/wp\/v2\/posts"}],"about":[{"href":"https:\/\/eldiariodesanpedro.com.ar\/sitio\/wp-json\/wp\/v2\/types\/post"}],"author":[{"embeddable":true,"href":"https:\/\/eldiariodesanpedro.com.ar\/sitio\/wp-json\/wp\/v2\/users\/4"}],"replies":[{"embeddable":true,"href":"https:\/\/eldiariodesanpedro.com.ar\/sitio\/wp-json\/wp\/v2\/comments?post=94512"}],"version-history":[{"count":1,"href":"https:\/\/eldiariodesanpedro.com.ar\/sitio\/wp-json\/wp\/v2\/posts\/94512\/revisions"}],"predecessor-version":[{"id":94513,"href":"https:\/\/eldiariodesanpedro.com.ar\/sitio\/wp-json\/wp\/v2\/posts\/94512\/revisions\/94513"}],"wp:featuredmedia":[{"embeddable":true,"href":"https:\/\/eldiariodesanpedro.com.ar\/sitio\/wp-json\/wp\/v2\/media\/79647"}],"wp:attachment":[{"href":"https:\/\/eldiariodesanpedro.com.ar\/sitio\/wp-json\/wp\/v2\/media?parent=94512"}],"wp:term":[{"taxonomy":"category","embeddable":true,"href":"https:\/\/eldiariodesanpedro.com.ar\/sitio\/wp-json\/wp\/v2\/categories?post=94512"},{"taxonomy":"post_tag","embeddable":true,"href":"https:\/\/eldiariodesanpedro.com.ar\/sitio\/wp-json\/wp\/v2\/tags?post=94512"}],"curies":[{"name":"wp","href":"https:\/\/api.w.org\/{rel}","templated":true}]}}