{"id":94508,"date":"2021-06-22T10:37:49","date_gmt":"2021-06-22T13:37:49","guid":{"rendered":"https:\/\/eldiariodesanpedro.com.ar\/sitio\/?p=94508"},"modified":"2021-06-22T10:37:54","modified_gmt":"2021-06-22T13:37:54","slug":"choque-entre-automovil-y-motocicleta-el-pasado-sabado","status":"publish","type":"post","link":"https:\/\/eldiariodesanpedro.com.ar\/sitio\/choque-entre-automovil-y-motocicleta-el-pasado-sabado\/","title":{"rendered":"Choque entre autom\u00f3vil y motocicleta el pasado s\u00e1bado"},"content":{"rendered":"<!-- VideographyWP Plugin Message: Automatic video embedding prevented by plugin options. -->\n\n<p>El dia sabado en horas de la tarde por motivos que se tratan de establecer en Av. Sarmiento e Irlanda, un autom\u00f3vil Renault Clio conducido por masculino de 39 a\u00f1os colision\u00f3 con motocicleta Honda XR  guiada por masculino 44 a\u00f1os resultando este trasladado al nosocomio local con\u00a0 Lesiones leves, y\u00a0 conductor de autom\u00f3vil result\u00f3 ileso.\u00a0<\/p>\n\n\n\n<p>Realiz\u00f3 pericias polic\u00eda cient\u00edfica e investiga justicia local.<\/p>\n\n\n\n<figure class=\"wp-block-image size-large\"><img decoding=\"async\" width=\"1020\" height=\"573\" data-attachment-id=\"94509\" data-permalink=\"https:\/\/eldiariodesanpedro.com.ar\/sitio\/choque-entre-automovil-y-motocicleta-el-pasado-sabado\/whatsapp-image-2021-06-22-at-09-54-17\/\" data-orig-file=\"https:\/\/eldiariodesanpedro.com.ar\/sitio\/wp-content\/uploads\/2021\/06\/WhatsApp-Image-2021-06-22-at-09.54.17.jpeg\" data-orig-size=\"1020,573\" data-comments-opened=\"1\" data-image-meta=\"{&quot;aperture&quot;:&quot;0&quot;,&quot;credit&quot;:&quot;&quot;,&quot;camera&quot;:&quot;&quot;,&quot;caption&quot;:&quot;&quot;,&quot;created_timestamp&quot;:&quot;1624357739&quot;,&quot;copyright&quot;:&quot;&quot;,&quot;focal_length&quot;:&quot;0&quot;,&quot;iso&quot;:&quot;0&quot;,&quot;shutter_speed&quot;:&quot;0&quot;,&quot;title&quot;:&quot;&quot;,&quot;orientation&quot;:&quot;1&quot;}\" data-image-title=\"WhatsApp Image 2021-06-22 at 09.54.17\" data-image-description=\"\" data-image-caption=\"\" data-large-file=\"https:\/\/eldiariodesanpedro.com.ar\/sitio\/wp-content\/uploads\/2021\/06\/WhatsApp-Image-2021-06-22-at-09.54.17.jpeg\" data-src=\"https:\/\/eldiariodesanpedro.com.ar\/sitio\/wp-content\/uploads\/2021\/06\/WhatsApp-Image-2021-06-22-at-09.54.17.jpeg\" alt=\"\" class=\"wp-image-94509 lazyload\" data-srcset=\"https:\/\/eldiariodesanpedro.com.ar\/sitio\/wp-content\/uploads\/2021\/06\/WhatsApp-Image-2021-06-22-at-09.54.17.jpeg 1020w, https:\/\/eldiariodesanpedro.com.ar\/sitio\/wp-content\/uploads\/2021\/06\/WhatsApp-Image-2021-06-22-at-09.54.17-300x169.jpeg 300w, https:\/\/eldiariodesanpedro.com.ar\/sitio\/wp-content\/uploads\/2021\/06\/WhatsApp-Image-2021-06-22-at-09.54.17-768x431.jpeg 768w, https:\/\/eldiariodesanpedro.com.ar\/sitio\/wp-content\/uploads\/2021\/06\/WhatsApp-Image-2021-06-22-at-09.54.17-800x450.jpeg 800w\" data-sizes=\"(max-width: 1020px) 100vw, 1020px\" src=\"data:image\/svg+xml;base64,PHN2ZyB3aWR0aD0iMSIgaGVpZ2h0PSIxIiB4bWxucz0iaHR0cDovL3d3dy53My5vcmcvMjAwMC9zdmciPjwvc3ZnPg==\" style=\"--smush-placeholder-width: 1020px; --smush-placeholder-aspect-ratio: 1020\/573;\" \/><\/figure>\n","protected":false},"excerpt":{"rendered":"<p>El dia sabado en horas de la tarde por motivos que se tratan de establecer en Av. Sarmiento e Irlanda, un autom\u00f3vil Renault Clio conducido por masculino de 39 a\u00f1os colision\u00f3 con motocicleta Honda XR guiada por masculino 44 a\u00f1os resultando este trasladado al nosocomio local con\u00a0 Lesiones leves, y\u00a0 conductor de autom\u00f3vil result\u00f3 ileso.\u00a0 [&hellip;]<\/p>\n","protected":false},"author":4,"featured_media":94510,"comment_status":"open","ping_status":"closed","sticky":false,"template":"","format":"standard","meta":{"om_disable_all_campaigns":false,"_jetpack_memberships_contains_paid_content":false,"footnotes":""},"categories":[2,103],"tags":[],"class_list":["post-94508","post","type-post","status-publish","format-standard","has-post-thumbnail","hentry","category-locales","category-policiales-locales"],"aioseo_notices":[],"gutentor_comment":0,"jetpack_featured_media_url":"https:\/\/eldiariodesanpedro.com.ar\/sitio\/wp-content\/uploads\/2021\/06\/WhatsApp-Image-2021-06-22-at-09.54.18.jpeg","jetpack_shortlink":"https:\/\/wp.me\/p6RhLt-oAk","jetpack_sharing_enabled":true,"_links":{"self":[{"href":"https:\/\/eldiariodesanpedro.com.ar\/sitio\/wp-json\/wp\/v2\/posts\/94508","targetHints":{"allow":["GET"]}}],"collection":[{"href":"https:\/\/eldiariodesanpedro.com.ar\/sitio\/wp-json\/wp\/v2\/posts"}],"about":[{"href":"https:\/\/eldiariodesanpedro.com.ar\/sitio\/wp-json\/wp\/v2\/types\/post"}],"author":[{"embeddable":true,"href":"https:\/\/eldiariodesanpedro.com.ar\/sitio\/wp-json\/wp\/v2\/users\/4"}],"replies":[{"embeddable":true,"href":"https:\/\/eldiariodesanpedro.com.ar\/sitio\/wp-json\/wp\/v2\/comments?post=94508"}],"version-history":[{"count":1,"href":"https:\/\/eldiariodesanpedro.com.ar\/sitio\/wp-json\/wp\/v2\/posts\/94508\/revisions"}],"predecessor-version":[{"id":94511,"href":"https:\/\/eldiariodesanpedro.com.ar\/sitio\/wp-json\/wp\/v2\/posts\/94508\/revisions\/94511"}],"wp:featuredmedia":[{"embeddable":true,"href":"https:\/\/eldiariodesanpedro.com.ar\/sitio\/wp-json\/wp\/v2\/media\/94510"}],"wp:attachment":[{"href":"https:\/\/eldiariodesanpedro.com.ar\/sitio\/wp-json\/wp\/v2\/media?parent=94508"}],"wp:term":[{"taxonomy":"category","embeddable":true,"href":"https:\/\/eldiariodesanpedro.com.ar\/sitio\/wp-json\/wp\/v2\/categories?post=94508"},{"taxonomy":"post_tag","embeddable":true,"href":"https:\/\/eldiariodesanpedro.com.ar\/sitio\/wp-json\/wp\/v2\/tags?post=94508"}],"curies":[{"name":"wp","href":"https:\/\/api.w.org\/{rel}","templated":true}]}}