{"id":94492,"date":"2021-06-22T10:12:33","date_gmt":"2021-06-22T13:12:33","guid":{"rendered":"https:\/\/eldiariodesanpedro.com.ar\/sitio\/?p=94492"},"modified":"2021-06-22T10:12:38","modified_gmt":"2021-06-22T13:12:38","slug":"andaba-desnudo-en-la-via-publica-y-fue-aprehendido-lo-liberaron-y-quiso-robar-en-una-despensa","status":"publish","type":"post","link":"https:\/\/eldiariodesanpedro.com.ar\/sitio\/andaba-desnudo-en-la-via-publica-y-fue-aprehendido-lo-liberaron-y-quiso-robar-en-una-despensa\/","title":{"rendered":"Andaba desnudo en la v\u00eda publica y fue aprehendido, lo liberaron y quiso robar en una despensa"},"content":{"rendered":"<!-- VideographyWP Plugin Message: Automatic video embedding prevented by plugin options. -->\n\n<p>En la noche del viernes promediando las 20 horas el personal policial en Molina 200 v\u00eda p\u00fablica aprehende a masculino de 24 a\u00f1os, quien se encontraba desnudo en v\u00eda p\u00fablica, ocasionando disturbios. Al arribo del personal intent\u00f3 agredir a los uniformados sin lograr cometido, se labraron actuaciones por el delito de menci\u00f3n, recuperando la libertad posteriormente.\u00a0\u00a0<\/p>\n\n\n\n<p>Posteriormente el mismo sujeto en horas de la ma\u00f1ana del d\u00eda s\u00e1bado, fue aprehendido por la polic\u00eda, cuando intentaba sustraer bebidas alcoh\u00f3licas de un comercio ubicado en Ruta Provincial N\u00b0 191 Km. 4,5 ciudad, rubro despensa propiedad de una mujer de 26 a\u00f1os. En esta ocasi\u00f3n fue imputado de tentativa de hurto. Recuperando su libertad en el dia de ayer.<\/p>\n","protected":false},"excerpt":{"rendered":"<p>En la noche del viernes promediando las 20 horas el personal policial en Molina 200 v\u00eda p\u00fablica aprehende a masculino de 24 a\u00f1os, quien se encontraba desnudo en v\u00eda p\u00fablica, ocasionando disturbios. Al arribo del personal intent\u00f3 agredir a los uniformados sin lograr cometido, se labraron actuaciones por el delito de menci\u00f3n, recuperando la libertad [&hellip;]<\/p>\n","protected":false},"author":4,"featured_media":94493,"comment_status":"open","ping_status":"closed","sticky":false,"template":"","format":"standard","meta":{"om_disable_all_campaigns":false,"_jetpack_memberships_contains_paid_content":false,"footnotes":""},"categories":[50,2,103],"tags":[],"class_list":["post-94492","post","type-post","status-publish","format-standard","has-post-thumbnail","hentry","category-destacadas","category-locales","category-policiales-locales"],"aioseo_notices":[],"gutentor_comment":0,"jetpack_featured_media_url":"https:\/\/eldiariodesanpedro.com.ar\/sitio\/wp-content\/uploads\/2021\/06\/Sin-titulo-1-16.jpg","jetpack_shortlink":"https:\/\/wp.me\/p6RhLt-oA4","jetpack_sharing_enabled":true,"_links":{"self":[{"href":"https:\/\/eldiariodesanpedro.com.ar\/sitio\/wp-json\/wp\/v2\/posts\/94492","targetHints":{"allow":["GET"]}}],"collection":[{"href":"https:\/\/eldiariodesanpedro.com.ar\/sitio\/wp-json\/wp\/v2\/posts"}],"about":[{"href":"https:\/\/eldiariodesanpedro.com.ar\/sitio\/wp-json\/wp\/v2\/types\/post"}],"author":[{"embeddable":true,"href":"https:\/\/eldiariodesanpedro.com.ar\/sitio\/wp-json\/wp\/v2\/users\/4"}],"replies":[{"embeddable":true,"href":"https:\/\/eldiariodesanpedro.com.ar\/sitio\/wp-json\/wp\/v2\/comments?post=94492"}],"version-history":[{"count":1,"href":"https:\/\/eldiariodesanpedro.com.ar\/sitio\/wp-json\/wp\/v2\/posts\/94492\/revisions"}],"predecessor-version":[{"id":94494,"href":"https:\/\/eldiariodesanpedro.com.ar\/sitio\/wp-json\/wp\/v2\/posts\/94492\/revisions\/94494"}],"wp:featuredmedia":[{"embeddable":true,"href":"https:\/\/eldiariodesanpedro.com.ar\/sitio\/wp-json\/wp\/v2\/media\/94493"}],"wp:attachment":[{"href":"https:\/\/eldiariodesanpedro.com.ar\/sitio\/wp-json\/wp\/v2\/media?parent=94492"}],"wp:term":[{"taxonomy":"category","embeddable":true,"href":"https:\/\/eldiariodesanpedro.com.ar\/sitio\/wp-json\/wp\/v2\/categories?post=94492"},{"taxonomy":"post_tag","embeddable":true,"href":"https:\/\/eldiariodesanpedro.com.ar\/sitio\/wp-json\/wp\/v2\/tags?post=94492"}],"curies":[{"name":"wp","href":"https:\/\/api.w.org\/{rel}","templated":true}]}}