{"id":94490,"date":"2021-06-22T09:31:10","date_gmt":"2021-06-22T12:31:10","guid":{"rendered":"https:\/\/eldiariodesanpedro.com.ar\/sitio\/?p=94490"},"modified":"2021-06-22T09:31:14","modified_gmt":"2021-06-22T12:31:14","slug":"cronograma-de-anses-para-este-martes-6","status":"publish","type":"post","link":"https:\/\/eldiariodesanpedro.com.ar\/sitio\/cronograma-de-anses-para-este-martes-6\/","title":{"rendered":"Cronograma de Anses para este Martes"},"content":{"rendered":"<!-- VideographyWP Plugin Message: Automatic video embedding prevented by plugin options. -->\n\n<p><strong>El organismo, a cargo de la Lic. Fernanda Raverta, informa que hoy se abonan jubilaciones, pensiones, Asignaci\u00f3n Universal por Hijo, Asignaciones Familiares y de Pago \u00danico, Asignaci\u00f3n por Embarazo y los programas Hogar y Alimentar. Cabe destacar que este mes se efectiviza&nbsp;<\/strong><strong>el pago del medio aguinaldo<\/strong><strong>&nbsp;junto al aumento del 12,12 por ciento por la Ley de Movilidad para&nbsp;<\/strong>Pensiones No Contributivas (PNC)<strong>, jubilaciones y pensiones.<\/strong><\/p>\n\n\n\n<p><strong>Jubilaciones\u00a0y\u00a0pensiones\u00a0con el medio aguinaldo<\/strong><br>Las sucursales bancarias habilitadas atender\u00e1n por ventanilla a jubilados, jubiladas, pensionados y pensionadas con documentos terminados en\u00a0<strong>9\u00a0<\/strong>cuyos<strong>\u00a0haberes NO SUPEREN la suma de 25.923 pesos<\/strong>.<br>Este mes, titulares que perciban el haber m\u00ednimo cobran un total de\u00a0<strong>34.596,70 pesos<\/strong>. Este importe equivale a la jubilaci\u00f3n m\u00ednima, que es de 23.064,70 pesos, debido al incremento por movilidad, m\u00e1s el medio aguinaldo, de 11.532 pesos.<\/p>\n\n\n\n<p><strong>Asignaci\u00f3n Universal por Hijo y Asignaci\u00f3n Familiar por Hijo<\/strong><br>Con la utilizaci\u00f3n de la tarjeta de d\u00e9bito, hoy perciben la Asignaci\u00f3n Universal por Hijo (AUH) y la Asignaci\u00f3n Familiar por Hijo titulares con documentos concluidos en\u00a0<strong>9<\/strong>.<\/p>\n\n\n\n<p><strong>Plus AUH<\/strong><br>La ANSES abona hoy el 20 por ciento acumulado del complemento de la AUH a quienes tengan DNI finalizados en\u00a0<strong>9<\/strong>. En total ser\u00e1n 743 mil titulares que percibir\u00e1n la suma de 7083,40 pesos por hijo o hija, siempre y cuando hayan cargado en la web hasta el 30 de abril la declaraci\u00f3n jurada en reemplazo de la Libreta de 2020.\u00a0As\u00ed, el organismo realiza una inversi\u00f3n de 10.532 millones de pesos para m\u00e1s de 1.300.000 ni\u00f1os, ni\u00f1as y adolescentes de la AUH.<\/p>\n\n\n\n<p><strong>Asignaciones de\u00a0Pago\u00a0\u00danico<\/strong><br>Desde hoy y hasta el 12 de julio se pagan las Asignaciones de\u00a0Pago\u00a0\u00danico\u00a0(Matrimonio, Adopci\u00f3n y Nacimiento) para todas las terminaciones de documento.<\/p>\n\n\n\n<p><strong>Asignaci\u00f3n por Embarazo<\/strong><br>Con la utilizaci\u00f3n de la tarjeta de d\u00e9bito,\u00a0<strong>hoy<\/strong>\u00a0cobran la Asignaci\u00f3n por Embarazo las titulares con documentos concluidos en\u00a0<strong>7<\/strong>.<\/p>\n\n\n\n<p><strong>Programa Hogar<\/strong><br>La ANSES y la Secretar\u00eda de Energ\u00eda impulsan en conjunto el Programa Hogar, mediante el cual se otorga un subsidio para la compra de garrafas en viviendas que no est\u00e1n conectadas a la red de gas natural. Hoy cobran este beneficio las personas con documentos finalizados en\u00a0<strong>9<\/strong>.<\/p>\n\n\n\n<p><strong>Programa Alimentar<\/strong><br>En el marco del Plan Argentina contra el Hambre del Ministerio de Desarrollo Social, la ANSES acompa\u00f1a con el pago del programa Alimentar. Hoy reciben el beneficio titulares de la AUH quienes no tienen la tarjeta pl\u00e1stica y cobran el dinero en la misma cuenta de la prestaci\u00f3n. Destinado a titulares con hijos e hijas de 0 a 14 a\u00f1os inclusive con documentos terminados en\u00a0<strong>0<\/strong>\u00a0y\u00a0<strong>1<\/strong>.<\/p>\n","protected":false},"excerpt":{"rendered":"<p>El organismo, a cargo de la Lic. Fernanda Raverta, informa que hoy se abonan jubilaciones, pensiones, Asignaci\u00f3n Universal por Hijo, Asignaciones Familiares y de Pago \u00danico, Asignaci\u00f3n por Embarazo y los programas Hogar y Alimentar. Cabe destacar que este mes se efectiviza&nbsp;el pago del medio aguinaldo&nbsp;junto al aumento del 12,12 por ciento por la Ley [&hellip;]<\/p>\n","protected":false},"author":4,"featured_media":70785,"comment_status":"open","ping_status":"closed","sticky":false,"template":"","format":"standard","meta":{"om_disable_all_campaigns":false,"_jetpack_memberships_contains_paid_content":false,"footnotes":""},"categories":[101,2],"tags":[],"class_list":["post-94490","post","type-post","status-publish","format-standard","has-post-thumbnail","hentry","category-interes-general-locales","category-locales"],"aioseo_notices":[],"gutentor_comment":0,"jetpack_featured_media_url":"https:\/\/eldiariodesanpedro.com.ar\/sitio\/wp-content\/uploads\/2020\/03\/anses-nuevo-640x480-1.png","jetpack_shortlink":"https:\/\/wp.me\/p6RhLt-oA2","jetpack_sharing_enabled":true,"_links":{"self":[{"href":"https:\/\/eldiariodesanpedro.com.ar\/sitio\/wp-json\/wp\/v2\/posts\/94490","targetHints":{"allow":["GET"]}}],"collection":[{"href":"https:\/\/eldiariodesanpedro.com.ar\/sitio\/wp-json\/wp\/v2\/posts"}],"about":[{"href":"https:\/\/eldiariodesanpedro.com.ar\/sitio\/wp-json\/wp\/v2\/types\/post"}],"author":[{"embeddable":true,"href":"https:\/\/eldiariodesanpedro.com.ar\/sitio\/wp-json\/wp\/v2\/users\/4"}],"replies":[{"embeddable":true,"href":"https:\/\/eldiariodesanpedro.com.ar\/sitio\/wp-json\/wp\/v2\/comments?post=94490"}],"version-history":[{"count":1,"href":"https:\/\/eldiariodesanpedro.com.ar\/sitio\/wp-json\/wp\/v2\/posts\/94490\/revisions"}],"predecessor-version":[{"id":94491,"href":"https:\/\/eldiariodesanpedro.com.ar\/sitio\/wp-json\/wp\/v2\/posts\/94490\/revisions\/94491"}],"wp:featuredmedia":[{"embeddable":true,"href":"https:\/\/eldiariodesanpedro.com.ar\/sitio\/wp-json\/wp\/v2\/media\/70785"}],"wp:attachment":[{"href":"https:\/\/eldiariodesanpedro.com.ar\/sitio\/wp-json\/wp\/v2\/media?parent=94490"}],"wp:term":[{"taxonomy":"category","embeddable":true,"href":"https:\/\/eldiariodesanpedro.com.ar\/sitio\/wp-json\/wp\/v2\/categories?post=94490"},{"taxonomy":"post_tag","embeddable":true,"href":"https:\/\/eldiariodesanpedro.com.ar\/sitio\/wp-json\/wp\/v2\/tags?post=94490"}],"curies":[{"name":"wp","href":"https:\/\/api.w.org\/{rel}","templated":true}]}}