{"id":94488,"date":"2021-06-21T20:32:30","date_gmt":"2021-06-21T23:32:30","guid":{"rendered":"https:\/\/eldiariodesanpedro.com.ar\/sitio\/?p=94488"},"modified":"2021-06-21T20:32:35","modified_gmt":"2021-06-21T23:32:35","slug":"manana-martes-los-horarios-comerciales-siguen-igual-que-el-fin-de-semana-largo","status":"publish","type":"post","link":"https:\/\/eldiariodesanpedro.com.ar\/sitio\/manana-martes-los-horarios-comerciales-siguen-igual-que-el-fin-de-semana-largo\/","title":{"rendered":"Ma\u00f1ana martes los horarios comerciales siguen igual que el fin de semana largo"},"content":{"rendered":"<!-- VideographyWP Plugin Message: Automatic video embedding prevented by plugin options. -->\n\n<p>Ante el anticipo del cambio de fase desde el mi\u00e9rcoles, se informa la comunidad y a los sectores comerciales que se mantendr\u00e1n ma\u00f1ana martes 22 las condiciones resueltas para el fin de semana largo.<\/p>\n\n\n\n<p>*Comercios minoristas no esenciales con atenci\u00f3n al p\u00fablico con ingreso controlado de clientes, hasta las 20hs.<\/p>\n\n\n\n<p>*Comercios esenciales hasta las 21hs y continuar con servicio de env\u00edos a domicilio hasta las 23hs.<\/p>\n\n\n\n<p>*Gastron\u00f3micos con funcionamiento hasta las 20hs con servicio al aire libre (s\u00f3lo en veredas y patios) y un aforo de hasta un 30% en el interior de los locales. Los que brindan servicio a domicilio podr\u00e1n hacerlo hasta las 23.<\/p>\n","protected":false},"excerpt":{"rendered":"<p>Ante el anticipo del cambio de fase desde el mi\u00e9rcoles, se informa la comunidad y a los sectores comerciales que se mantendr\u00e1n ma\u00f1ana martes 22 las condiciones resueltas para el fin de semana largo. *Comercios minoristas no esenciales con atenci\u00f3n al p\u00fablico con ingreso controlado de clientes, hasta las 20hs. *Comercios esenciales hasta las 21hs [&hellip;]<\/p>\n","protected":false},"author":4,"featured_media":94300,"comment_status":"open","ping_status":"closed","sticky":false,"template":"","format":"standard","meta":{"om_disable_all_campaigns":false,"_jetpack_memberships_contains_paid_content":false,"footnotes":""},"categories":[50,101,2],"tags":[],"class_list":["post-94488","post","type-post","status-publish","format-standard","has-post-thumbnail","hentry","category-destacadas","category-interes-general-locales","category-locales"],"aioseo_notices":[],"gutentor_comment":0,"jetpack_featured_media_url":"https:\/\/eldiariodesanpedro.com.ar\/sitio\/wp-content\/uploads\/2021\/06\/WhatsApp-Image-2021-06-16-at-21.26.04.jpeg","jetpack_shortlink":"https:\/\/wp.me\/p6RhLt-oA0","jetpack_sharing_enabled":true,"_links":{"self":[{"href":"https:\/\/eldiariodesanpedro.com.ar\/sitio\/wp-json\/wp\/v2\/posts\/94488","targetHints":{"allow":["GET"]}}],"collection":[{"href":"https:\/\/eldiariodesanpedro.com.ar\/sitio\/wp-json\/wp\/v2\/posts"}],"about":[{"href":"https:\/\/eldiariodesanpedro.com.ar\/sitio\/wp-json\/wp\/v2\/types\/post"}],"author":[{"embeddable":true,"href":"https:\/\/eldiariodesanpedro.com.ar\/sitio\/wp-json\/wp\/v2\/users\/4"}],"replies":[{"embeddable":true,"href":"https:\/\/eldiariodesanpedro.com.ar\/sitio\/wp-json\/wp\/v2\/comments?post=94488"}],"version-history":[{"count":1,"href":"https:\/\/eldiariodesanpedro.com.ar\/sitio\/wp-json\/wp\/v2\/posts\/94488\/revisions"}],"predecessor-version":[{"id":94489,"href":"https:\/\/eldiariodesanpedro.com.ar\/sitio\/wp-json\/wp\/v2\/posts\/94488\/revisions\/94489"}],"wp:featuredmedia":[{"embeddable":true,"href":"https:\/\/eldiariodesanpedro.com.ar\/sitio\/wp-json\/wp\/v2\/media\/94300"}],"wp:attachment":[{"href":"https:\/\/eldiariodesanpedro.com.ar\/sitio\/wp-json\/wp\/v2\/media?parent=94488"}],"wp:term":[{"taxonomy":"category","embeddable":true,"href":"https:\/\/eldiariodesanpedro.com.ar\/sitio\/wp-json\/wp\/v2\/categories?post=94488"},{"taxonomy":"post_tag","embeddable":true,"href":"https:\/\/eldiariodesanpedro.com.ar\/sitio\/wp-json\/wp\/v2\/tags?post=94488"}],"curies":[{"name":"wp","href":"https:\/\/api.w.org\/{rel}","templated":true}]}}