{"id":94480,"date":"2021-06-21T20:13:13","date_gmt":"2021-06-21T23:13:13","guid":{"rendered":"https:\/\/eldiariodesanpedro.com.ar\/sitio\/?p=94480"},"modified":"2021-06-21T20:13:18","modified_gmt":"2021-06-21T23:13:18","slug":"el-museo-paleontologico-informa-que-no-se-construira-ningun-museo-sobre-la-barranca","status":"publish","type":"post","link":"https:\/\/eldiariodesanpedro.com.ar\/sitio\/el-museo-paleontologico-informa-que-no-se-construira-ningun-museo-sobre-la-barranca\/","title":{"rendered":"El Museo Paleontol\u00f3gico informa que no se construir\u00e1 ning\u00fan museo sobre la barranca"},"content":{"rendered":"<!-- VideographyWP Plugin Message: Automatic video embedding prevented by plugin options. -->\n\n<p>En la jornada de hoy el Diario Clar\u00edn realizo una publicaci\u00f3n por parte de un estudiante de arquitectura como final de catedra que habla sobre un proyecto para realizar un Museo Paleontol\u00f3gico sobre la barranca, pero el director del actual museo Jose Luis Aguilar tuvo que publicar en su red personal sobre el mal entendido explicando que hasta el d\u00eda de hoy no existe ning\u00fan tipo de proyecto de la construcci\u00f3n de ese lugar.<\/p>\n\n\n\n<p><em>Gente&#8230;voy a escribir en nombre del Museo Paleontol\u00f3gico por una nota que sali\u00f3 en el suplemento Arquitectura del diario Clar\u00edn. No hay NING\u00daN proyecto vinculado al Museo Paleontol\u00f3gico, pensado para ninguna barranca. Ni ac\u00e1, ni en la luna. Lo que sac\u00f3 Clar\u00edn (que est\u00e1 perfecto) es simplemente, una idea o trabajo o tesis de fin de carrera (como se aclara en el copete de la nota) de un estudiante de arquitectura de la UBA.Nada m\u00e1s&#8230;&#8230; El muchacho podr\u00eda haber ideado sobre cuaquier otro tema pero se acord\u00f3 de las veces que el museo ha encontrado f\u00f3siles, la importancia del tema en nuestra zona y la fisonom\u00eda de las barrancas y se le ocurri\u00f3 plasmar eso en su trabajo. NADA M\u00c1S. As\u00ed que no hay NADA que se vaya a construir sobre las barrancas. Qu\u00e9dense tranquilos que nosotros somos todos sampedrinos y San Pedro es tan nuestro como de cualquiera de Uds. Por lo tanto, jam\u00e1s har\u00edamos algo para lastimarlo. Al contrario&#8230; Si revisan nuestra historia, ver\u00e1n que todo lo hecho ha sido para que San Pedro sobresalga, m\u00e1s que nada, por la puesta en valor y cuidado de su patrimonio natural y cultural. As\u00ed que&#8230;.no pasa NADA. Saludos a todos los que apoyan nuestra tarea y serenidad para los que hablan de pavimentos, hospital y f\u00e1bricas antes que \u00abun museo en la barranca\u00bb.LEAMOS BIEN LAS COSAS ANTES DE OPINAR, POR FAVOR.<\/em><\/p>\n\n\n\n<p>Nota de Clarin aqu\u00ed: <a href=\"https:\/\/www.clarin.com\/arq\/museo-dedicado-paleontologia-san-pedro_0_4kytoqlNL.html?fbclid=IwAR3z8fC7z4FX5izjpShaX6mx_a2_W_scWwAYXwHZowjXFMn77a6JO-2aWwI\">https:\/\/www.clarin.com\/arq\/museo-dedicado-paleontologia-san-pedro_0_4kytoqlNL.html?fbclid=IwAR3z8fC7z4FX5izjpShaX6mx_a2_W_scWwAYXwHZowjXFMn77a6JO-2aWwI<\/a><\/p>\n\n\n\n<figure class=\"wp-block-image size-large\"><img decoding=\"async\" width=\"720\" height=\"360\" data-attachment-id=\"94482\" data-permalink=\"https:\/\/eldiariodesanpedro.com.ar\/sitio\/el-museo-paleontologico-informa-que-no-se-construira-ningun-museo-sobre-la-barranca\/desde-el-paseo-inferior-es___xc0cxoa9z_720x0__1\/\" data-orig-file=\"https:\/\/eldiariodesanpedro.com.ar\/sitio\/wp-content\/uploads\/2021\/06\/desde-el-paseo-inferior-es___xc0CxOa9Z_720x0__1.jpg\" data-orig-size=\"720,360\" data-comments-opened=\"1\" data-image-meta=\"{&quot;aperture&quot;:&quot;0&quot;,&quot;credit&quot;:&quot;&quot;,&quot;camera&quot;:&quot;&quot;,&quot;caption&quot;:&quot;&quot;,&quot;created_timestamp&quot;:&quot;0&quot;,&quot;copyright&quot;:&quot;&quot;,&quot;focal_length&quot;:&quot;0&quot;,&quot;iso&quot;:&quot;0&quot;,&quot;shutter_speed&quot;:&quot;0&quot;,&quot;title&quot;:&quot;&quot;,&quot;orientation&quot;:&quot;0&quot;}\" data-image-title=\"desde-el-paseo-inferior-es___xc0CxOa9Z_720x0__1\" data-image-description=\"\" data-image-caption=\"\" data-large-file=\"https:\/\/eldiariodesanpedro.com.ar\/sitio\/wp-content\/uploads\/2021\/06\/desde-el-paseo-inferior-es___xc0CxOa9Z_720x0__1.jpg\" data-src=\"https:\/\/eldiariodesanpedro.com.ar\/sitio\/wp-content\/uploads\/2021\/06\/desde-el-paseo-inferior-es___xc0CxOa9Z_720x0__1.jpg\" alt=\"\" class=\"wp-image-94482 lazyload\" data-srcset=\"https:\/\/eldiariodesanpedro.com.ar\/sitio\/wp-content\/uploads\/2021\/06\/desde-el-paseo-inferior-es___xc0CxOa9Z_720x0__1.jpg 720w, https:\/\/eldiariodesanpedro.com.ar\/sitio\/wp-content\/uploads\/2021\/06\/desde-el-paseo-inferior-es___xc0CxOa9Z_720x0__1-300x150.jpg 300w\" data-sizes=\"(max-width: 720px) 100vw, 720px\" src=\"data:image\/svg+xml;base64,PHN2ZyB3aWR0aD0iMSIgaGVpZ2h0PSIxIiB4bWxucz0iaHR0cDovL3d3dy53My5vcmcvMjAwMC9zdmciPjwvc3ZnPg==\" style=\"--smush-placeholder-width: 720px; --smush-placeholder-aspect-ratio: 720\/360;\" \/><\/figure>\n\n\n\n<figure class=\"wp-block-image size-large\"><img decoding=\"async\" width=\"720\" height=\"507\" data-attachment-id=\"94483\" data-permalink=\"https:\/\/eldiariodesanpedro.com.ar\/sitio\/el-museo-paleontologico-informa-que-no-se-construira-ningun-museo-sobre-la-barranca\/al-final-del-recorrido-descendente___tpiauydrp_720x0__1\/\" data-orig-file=\"https:\/\/eldiariodesanpedro.com.ar\/sitio\/wp-content\/uploads\/2021\/06\/al-final-del-recorrido-descendente___TPIaUyDRp_720x0__1.jpg\" data-orig-size=\"720,507\" data-comments-opened=\"1\" data-image-meta=\"{&quot;aperture&quot;:&quot;0&quot;,&quot;credit&quot;:&quot;&quot;,&quot;camera&quot;:&quot;&quot;,&quot;caption&quot;:&quot;&quot;,&quot;created_timestamp&quot;:&quot;0&quot;,&quot;copyright&quot;:&quot;&quot;,&quot;focal_length&quot;:&quot;0&quot;,&quot;iso&quot;:&quot;0&quot;,&quot;shutter_speed&quot;:&quot;0&quot;,&quot;title&quot;:&quot;&quot;,&quot;orientation&quot;:&quot;0&quot;}\" data-image-title=\"al-final-del-recorrido-descendente___TPIaUyDRp_720x0__1\" data-image-description=\"\" data-image-caption=\"\" data-large-file=\"https:\/\/eldiariodesanpedro.com.ar\/sitio\/wp-content\/uploads\/2021\/06\/al-final-del-recorrido-descendente___TPIaUyDRp_720x0__1.jpg\" data-src=\"https:\/\/eldiariodesanpedro.com.ar\/sitio\/wp-content\/uploads\/2021\/06\/al-final-del-recorrido-descendente___TPIaUyDRp_720x0__1.jpg\" alt=\"\" class=\"wp-image-94483 lazyload\" data-srcset=\"https:\/\/eldiariodesanpedro.com.ar\/sitio\/wp-content\/uploads\/2021\/06\/al-final-del-recorrido-descendente___TPIaUyDRp_720x0__1.jpg 720w, https:\/\/eldiariodesanpedro.com.ar\/sitio\/wp-content\/uploads\/2021\/06\/al-final-del-recorrido-descendente___TPIaUyDRp_720x0__1-300x211.jpg 300w\" data-sizes=\"(max-width: 720px) 100vw, 720px\" src=\"data:image\/svg+xml;base64,PHN2ZyB3aWR0aD0iMSIgaGVpZ2h0PSIxIiB4bWxucz0iaHR0cDovL3d3dy53My5vcmcvMjAwMC9zdmciPjwvc3ZnPg==\" style=\"--smush-placeholder-width: 720px; --smush-placeholder-aspect-ratio: 720\/507;\" \/><\/figure>\n","protected":false},"excerpt":{"rendered":"<p>En la jornada de hoy el Diario Clar\u00edn realizo una publicaci\u00f3n por parte de un estudiante de arquitectura como final de catedra que habla sobre un proyecto para realizar un Museo Paleontol\u00f3gico sobre la barranca, pero el director del actual museo Jose Luis Aguilar tuvo que publicar en su red personal sobre el mal entendido [&hellip;]<\/p>\n","protected":false},"author":4,"featured_media":94481,"comment_status":"open","ping_status":"closed","sticky":false,"template":"","format":"standard","meta":{"om_disable_all_campaigns":false,"_jetpack_memberships_contains_paid_content":false,"footnotes":""},"categories":[50,101,2],"tags":[],"class_list":["post-94480","post","type-post","status-publish","format-standard","has-post-thumbnail","hentry","category-destacadas","category-interes-general-locales","category-locales"],"aioseo_notices":[],"gutentor_comment":0,"jetpack_featured_media_url":"https:\/\/eldiariodesanpedro.com.ar\/sitio\/wp-content\/uploads\/2021\/06\/el-edificio-toma-el-desnivel___WvhKIfv5W_1200x0__1.png","jetpack_shortlink":"https:\/\/wp.me\/p6RhLt-ozS","jetpack_sharing_enabled":true,"_links":{"self":[{"href":"https:\/\/eldiariodesanpedro.com.ar\/sitio\/wp-json\/wp\/v2\/posts\/94480","targetHints":{"allow":["GET"]}}],"collection":[{"href":"https:\/\/eldiariodesanpedro.com.ar\/sitio\/wp-json\/wp\/v2\/posts"}],"about":[{"href":"https:\/\/eldiariodesanpedro.com.ar\/sitio\/wp-json\/wp\/v2\/types\/post"}],"author":[{"embeddable":true,"href":"https:\/\/eldiariodesanpedro.com.ar\/sitio\/wp-json\/wp\/v2\/users\/4"}],"replies":[{"embeddable":true,"href":"https:\/\/eldiariodesanpedro.com.ar\/sitio\/wp-json\/wp\/v2\/comments?post=94480"}],"version-history":[{"count":1,"href":"https:\/\/eldiariodesanpedro.com.ar\/sitio\/wp-json\/wp\/v2\/posts\/94480\/revisions"}],"predecessor-version":[{"id":94484,"href":"https:\/\/eldiariodesanpedro.com.ar\/sitio\/wp-json\/wp\/v2\/posts\/94480\/revisions\/94484"}],"wp:featuredmedia":[{"embeddable":true,"href":"https:\/\/eldiariodesanpedro.com.ar\/sitio\/wp-json\/wp\/v2\/media\/94481"}],"wp:attachment":[{"href":"https:\/\/eldiariodesanpedro.com.ar\/sitio\/wp-json\/wp\/v2\/media?parent=94480"}],"wp:term":[{"taxonomy":"category","embeddable":true,"href":"https:\/\/eldiariodesanpedro.com.ar\/sitio\/wp-json\/wp\/v2\/categories?post=94480"},{"taxonomy":"post_tag","embeddable":true,"href":"https:\/\/eldiariodesanpedro.com.ar\/sitio\/wp-json\/wp\/v2\/tags?post=94480"}],"curies":[{"name":"wp","href":"https:\/\/api.w.org\/{rel}","templated":true}]}}