{"id":94465,"date":"2021-06-21T17:25:35","date_gmt":"2021-06-21T20:25:35","guid":{"rendered":"https:\/\/eldiariodesanpedro.com.ar\/sitio\/?p=94465"},"modified":"2021-06-21T17:28:04","modified_gmt":"2021-06-21T20:28:04","slug":"las-clases-presenciales-vuelven-a-partir-del-lunes-28-de-junio","status":"publish","type":"post","link":"https:\/\/eldiariodesanpedro.com.ar\/sitio\/las-clases-presenciales-vuelven-a-partir-del-lunes-28-de-junio\/","title":{"rendered":"Las clases presenciales vuelven a partir del lunes 28 de junio"},"content":{"rendered":"<!-- VideographyWP Plugin Message: Automatic video embedding prevented by plugin options. -->\n\n<p>La Municipalidad de San Pedro informa que durante las \u00faltimas horas en comunicaciones mantenidas por el Intendente Cecilio Salazar con las m\u00e1ximas autoridades del gobierno provincial, fue informada la posibilidad de que nuestro distrito regrese a FASE 3, considerando la situaci\u00f3n sanitaria general, la evoluci\u00f3n de casos y la importancia que tiene para m\u00faltiples sectores retornar a una instancia que requiere la continuidad de todas las medidas de prevenci\u00f3n, pero flexibiliza actividades fundamentales dentro del movimiento econ\u00f3mico y la generaci\u00f3n de trabajo.<\/p>\n\n\n\n<p>Por tal motivo en el d\u00eda de ma\u00f1ana ser\u00e1 oficializado por las autoridades provinciales, el cambio de estado de \u00abalarma\u00bb a \u00abalto riesgo\u00bb lo que determina la FASE 3 para el Partido de San Pedro, desde el mi\u00e9rcoles 23 de junio, dentro de la categorizaci\u00f3n que realiza el Gobierno de la Provincia de Buenos Aires de acuerdo al seguimiento de la Pandemia de Covid-19 y su sem\u00e1foro epidemiol\u00f3gico.<\/p>\n\n\n\n<p>Regresa a la modalidad previa de \u201cClases presenciales y las actividades educativas no escolares presenciales en todos los niveles y en todas sus modalidades\u201d, desde el lunes 28 respetando su protocolo.<\/p>\n\n\n\n<figure class=\"wp-block-image size-large\"><a href=\"https:\/\/play.google.com\/store\/apps\/details?id=es.masenvios.android106097&amp;hl=es&amp;gl=AR&amp;fbclid=IwAR3eAClc44DD5xxggy_0Rl7erwxXG-DRdznfHa_53CcfCUPcK3BRyNqBOdk\"><img decoding=\"async\" width=\"1024\" height=\"1024\" data-attachment-id=\"94404\" data-permalink=\"https:\/\/eldiariodesanpedro.com.ar\/sitio\/un-ciudadano-de-32-anos-fallecio-de-covid-en-las-ultimas-24-hs\/publicidad3\/\" data-orig-file=\"https:\/\/eldiariodesanpedro.com.ar\/sitio\/wp-content\/uploads\/2021\/06\/publicidad3.png\" data-orig-size=\"1379,1379\" data-comments-opened=\"1\" data-image-meta=\"{&quot;aperture&quot;:&quot;0&quot;,&quot;credit&quot;:&quot;&quot;,&quot;camera&quot;:&quot;&quot;,&quot;caption&quot;:&quot;&quot;,&quot;created_timestamp&quot;:&quot;0&quot;,&quot;copyright&quot;:&quot;&quot;,&quot;focal_length&quot;:&quot;0&quot;,&quot;iso&quot;:&quot;0&quot;,&quot;shutter_speed&quot;:&quot;0&quot;,&quot;title&quot;:&quot;&quot;,&quot;orientation&quot;:&quot;0&quot;}\" data-image-title=\"publicidad3\" data-image-description=\"\" data-image-caption=\"\" data-large-file=\"https:\/\/eldiariodesanpedro.com.ar\/sitio\/wp-content\/uploads\/2021\/06\/publicidad3-1024x1024.png\" data-src=\"https:\/\/eldiariodesanpedro.com.ar\/sitio\/wp-content\/uploads\/2021\/06\/publicidad3-1024x1024.png\" alt=\"\" class=\"wp-image-94404 lazyload\" data-srcset=\"https:\/\/eldiariodesanpedro.com.ar\/sitio\/wp-content\/uploads\/2021\/06\/publicidad3-1024x1024.png 1024w, https:\/\/eldiariodesanpedro.com.ar\/sitio\/wp-content\/uploads\/2021\/06\/publicidad3-300x300.png 300w, https:\/\/eldiariodesanpedro.com.ar\/sitio\/wp-content\/uploads\/2021\/06\/publicidad3-150x150.png 150w, https:\/\/eldiariodesanpedro.com.ar\/sitio\/wp-content\/uploads\/2021\/06\/publicidad3-768x768.png 768w, https:\/\/eldiariodesanpedro.com.ar\/sitio\/wp-content\/uploads\/2021\/06\/publicidad3.png 1379w\" data-sizes=\"(max-width: 1024px) 100vw, 1024px\" src=\"data:image\/svg+xml;base64,PHN2ZyB3aWR0aD0iMSIgaGVpZ2h0PSIxIiB4bWxucz0iaHR0cDovL3d3dy53My5vcmcvMjAwMC9zdmciPjwvc3ZnPg==\" style=\"--smush-placeholder-width: 1024px; --smush-placeholder-aspect-ratio: 1024\/1024;\" \/><\/a><\/figure>\n","protected":false},"excerpt":{"rendered":"<p>La Municipalidad de San Pedro informa que durante las \u00faltimas horas en comunicaciones mantenidas por el Intendente Cecilio Salazar con las m\u00e1ximas autoridades del gobierno provincial, fue informada la posibilidad de que nuestro distrito regrese a FASE 3, considerando la situaci\u00f3n sanitaria general, la evoluci\u00f3n de casos y la importancia que tiene para m\u00faltiples sectores [&hellip;]<\/p>\n","protected":false},"author":4,"featured_media":94466,"comment_status":"open","ping_status":"closed","sticky":false,"template":"","format":"standard","meta":{"om_disable_all_campaigns":false,"_jetpack_memberships_contains_paid_content":false,"footnotes":""},"categories":[50,101,2],"tags":[],"class_list":["post-94465","post","type-post","status-publish","format-standard","has-post-thumbnail","hentry","category-destacadas","category-interes-general-locales","category-locales"],"aioseo_notices":[],"gutentor_comment":1,"jetpack_featured_media_url":"https:\/\/eldiariodesanpedro.com.ar\/sitio\/wp-content\/uploads\/2021\/06\/f608x342-1045818_1075541_5.jpg","jetpack_shortlink":"https:\/\/wp.me\/p6RhLt-ozD","jetpack_sharing_enabled":true,"_links":{"self":[{"href":"https:\/\/eldiariodesanpedro.com.ar\/sitio\/wp-json\/wp\/v2\/posts\/94465","targetHints":{"allow":["GET"]}}],"collection":[{"href":"https:\/\/eldiariodesanpedro.com.ar\/sitio\/wp-json\/wp\/v2\/posts"}],"about":[{"href":"https:\/\/eldiariodesanpedro.com.ar\/sitio\/wp-json\/wp\/v2\/types\/post"}],"author":[{"embeddable":true,"href":"https:\/\/eldiariodesanpedro.com.ar\/sitio\/wp-json\/wp\/v2\/users\/4"}],"replies":[{"embeddable":true,"href":"https:\/\/eldiariodesanpedro.com.ar\/sitio\/wp-json\/wp\/v2\/comments?post=94465"}],"version-history":[{"count":2,"href":"https:\/\/eldiariodesanpedro.com.ar\/sitio\/wp-json\/wp\/v2\/posts\/94465\/revisions"}],"predecessor-version":[{"id":94469,"href":"https:\/\/eldiariodesanpedro.com.ar\/sitio\/wp-json\/wp\/v2\/posts\/94465\/revisions\/94469"}],"wp:featuredmedia":[{"embeddable":true,"href":"https:\/\/eldiariodesanpedro.com.ar\/sitio\/wp-json\/wp\/v2\/media\/94466"}],"wp:attachment":[{"href":"https:\/\/eldiariodesanpedro.com.ar\/sitio\/wp-json\/wp\/v2\/media?parent=94465"}],"wp:term":[{"taxonomy":"category","embeddable":true,"href":"https:\/\/eldiariodesanpedro.com.ar\/sitio\/wp-json\/wp\/v2\/categories?post=94465"},{"taxonomy":"post_tag","embeddable":true,"href":"https:\/\/eldiariodesanpedro.com.ar\/sitio\/wp-json\/wp\/v2\/tags?post=94465"}],"curies":[{"name":"wp","href":"https:\/\/api.w.org\/{rel}","templated":true}]}}