{"id":94463,"date":"2021-06-21T17:12:07","date_gmt":"2021-06-21T20:12:07","guid":{"rendered":"https:\/\/eldiariodesanpedro.com.ar\/sitio\/?p=94463"},"modified":"2021-06-21T17:12:14","modified_gmt":"2021-06-21T20:12:14","slug":"es-oficial-san-pedro-vuelve-a-fase-3-a-partir-del-miercoles-y-vuelven-las-clases-presenciales","status":"publish","type":"post","link":"https:\/\/eldiariodesanpedro.com.ar\/sitio\/es-oficial-san-pedro-vuelve-a-fase-3-a-partir-del-miercoles-y-vuelven-las-clases-presenciales\/","title":{"rendered":"Es oficial, San Pedro vuelve a Fase 3 a partir del mi\u00e9rcoles y vuelven las clases presenciales"},"content":{"rendered":"<!-- VideographyWP Plugin Message: Automatic video embedding prevented by plugin options. -->\n\n<p>La Municipalidad de San Pedro informa que durante las \u00faltimas horas en comunicaciones mantenidas por el Intendente Cecilio Salazar con las m\u00e1ximas autoridades del gobierno provincial, fue informada la posibilidad de que nuestro distrito regrese a FASE 3, considerando la situaci\u00f3n sanitaria general, la evoluci\u00f3n de casos y la importancia que tiene para m\u00faltiples sectores retornar a una instancia que requiere la continuidad de todas las medidas de prevenci\u00f3n, pero flexibiliza actividades fundamentales dentro del movimiento econ\u00f3mico y la generaci\u00f3n de trabajo.<\/p>\n\n\n\n<p>Por tal motivo en el d\u00eda de ma\u00f1ana ser\u00e1 oficializado por las autoridades provinciales, el cambio de estado de \u00abalarma\u00bb a \u00abalto riesgo\u00bb lo que determina la FASE 3 para el Partido de San Pedro, desde el mi\u00e9rcoles 23 de junio, dentro de la categorizaci\u00f3n que realiza el Gobierno de la Provincia de Buenos Aires de acuerdo al seguimiento de la Pandemia de Covid-19 y su sem\u00e1foro epidemiol\u00f3gico.<\/p>\n\n\n\n<p>El siguiente es el detalle de las modificaciones:<\/p>\n\n\n\n<p>&#x1f4cc; La restricci\u00f3n de la circulaci\u00f3n para quienes no sean trabajadores esenciales, es entre las 0 y las 6hs de cada d\u00eda.<\/p>\n\n\n\n<p>&#x1f4cc; Contin\u00faan prohibidas las actividades y reuniones sociales en domicilios particulares, salvo para asistencia de personas que requieran cuidados especiales.<\/p>\n\n\n\n<p>&#x1f4cc; El horario de funcionamiento para los locales comerciales no esenciales es entre las 6 y las 20hs.<\/p>\n\n\n\n<p>&#x1f4cc; Los comercios de venta de alimentos y la entrega a domicilio podr\u00e1n funcionar hasta las 23hs. Los bares y restaurantes, adem\u00e1s deben respetar un aforo m\u00e1ximo del 30% en espacios cerrados, y el protocolo preestablecido.<\/p>\n\n\n\n<p>&#x1f4cc; Las actividades f\u00edsicas y deportivas, podr\u00e1n realizarse entre las 6 y las 23hs, en grupos de hasta 10 personas, ya sea en espacios p\u00fablicos, instituciones, o canchas de alquiler, con estricto cumplimiento de las medidas de prevenci\u00f3n y sistema de turnos escalonados.<\/p>\n\n\n\n<p>&#x1f4cc; Los gimnasios podr\u00e1n funcionar entre las 6 y las 23hs, si son cerrados, con amplia ventilaci\u00f3n natural al 30% de su capacidad, en cumplimiento de su protocolo.<\/p>\n\n\n\n<p>&#x1f4cc; Los clubes deber\u00e1n tomar las medidas necesarias para que luego de las 20 y hasta las 23, s\u00f3lo se realicen actividades deportivas en los mismos, notificando a sus socios y anulando sectores de uso com\u00fan para fines sociales o recreativos como parrillas, mesas y quinchos.<\/p>\n\n\n\n<p>&#x1f4cc; Las salas de cine deber\u00e1n respetar un aforo m\u00e1ximo del 30%. Los salones de eventos, hasta 30 personas. Las instituciones religiosas hasta 20 personas en espacios cerrados con amplia ventilaci\u00f3n natural, o 30 personas al aire libre. Todos ellos podr\u00e1n funcionar entre las 6 y las 23hs.<\/p>\n\n\n\n<p>&#x1f4cc; Se regresa a la modalidad previa de \u201cClases presenciales y las actividades educativas no escolares presenciales en todos los niveles y en todas sus modalidades\u201d, desde el lunes 28 respetando su protocolo.<\/p>\n\n\n\n<p>Una vez m\u00e1s se solicita a toda la comunidad el m\u00e1ximo compromiso posible con las medidas de prevenci\u00f3n.<\/p>\n\n\n\n<p>El uso permanente del barbijo bien colocado, distancia, higiene y ventilaci\u00f3n son nuestras herramientas para enfrentar al virus.<\/p>\n\n\n\n<p>Si no es imprescindible, evitar salidas y reprogramar actividades no esenciales, para no contagiar y ser portadores del virus en sus grupos familiares y laborales.<\/p>\n\n\n\n<p><strong>PUBLICIDAD | MAS ENVIOS SAN PEDRO<\/strong><\/p>\n\n\n\n<figure class=\"wp-block-image size-large\"><a href=\"https:\/\/play.google.com\/store\/apps\/details?id=es.masenvios.android106097&amp;hl=es&amp;gl=AR&amp;fbclid=IwAR3eAClc44DD5xxggy_0Rl7erwxXG-DRdznfHa_53CcfCUPcK3BRyNqBOdk\"><img decoding=\"async\" width=\"1024\" height=\"1024\" data-attachment-id=\"94404\" data-permalink=\"https:\/\/eldiariodesanpedro.com.ar\/sitio\/un-ciudadano-de-32-anos-fallecio-de-covid-en-las-ultimas-24-hs\/publicidad3\/\" data-orig-file=\"https:\/\/eldiariodesanpedro.com.ar\/sitio\/wp-content\/uploads\/2021\/06\/publicidad3.png\" data-orig-size=\"1379,1379\" data-comments-opened=\"1\" data-image-meta=\"{&quot;aperture&quot;:&quot;0&quot;,&quot;credit&quot;:&quot;&quot;,&quot;camera&quot;:&quot;&quot;,&quot;caption&quot;:&quot;&quot;,&quot;created_timestamp&quot;:&quot;0&quot;,&quot;copyright&quot;:&quot;&quot;,&quot;focal_length&quot;:&quot;0&quot;,&quot;iso&quot;:&quot;0&quot;,&quot;shutter_speed&quot;:&quot;0&quot;,&quot;title&quot;:&quot;&quot;,&quot;orientation&quot;:&quot;0&quot;}\" data-image-title=\"publicidad3\" data-image-description=\"\" data-image-caption=\"\" data-large-file=\"https:\/\/eldiariodesanpedro.com.ar\/sitio\/wp-content\/uploads\/2021\/06\/publicidad3-1024x1024.png\" data-src=\"https:\/\/eldiariodesanpedro.com.ar\/sitio\/wp-content\/uploads\/2021\/06\/publicidad3-1024x1024.png\" alt=\"\" class=\"wp-image-94404 lazyload\" data-srcset=\"https:\/\/eldiariodesanpedro.com.ar\/sitio\/wp-content\/uploads\/2021\/06\/publicidad3-1024x1024.png 1024w, https:\/\/eldiariodesanpedro.com.ar\/sitio\/wp-content\/uploads\/2021\/06\/publicidad3-300x300.png 300w, https:\/\/eldiariodesanpedro.com.ar\/sitio\/wp-content\/uploads\/2021\/06\/publicidad3-150x150.png 150w, https:\/\/eldiariodesanpedro.com.ar\/sitio\/wp-content\/uploads\/2021\/06\/publicidad3-768x768.png 768w, https:\/\/eldiariodesanpedro.com.ar\/sitio\/wp-content\/uploads\/2021\/06\/publicidad3.png 1379w\" data-sizes=\"(max-width: 1024px) 100vw, 1024px\" src=\"data:image\/svg+xml;base64,PHN2ZyB3aWR0aD0iMSIgaGVpZ2h0PSIxIiB4bWxucz0iaHR0cDovL3d3dy53My5vcmcvMjAwMC9zdmciPjwvc3ZnPg==\" style=\"--smush-placeholder-width: 1024px; --smush-placeholder-aspect-ratio: 1024\/1024;\" \/><\/a><\/figure>\n","protected":false},"excerpt":{"rendered":"<p>La Municipalidad de San Pedro informa que durante las \u00faltimas horas en comunicaciones mantenidas por el Intendente Cecilio Salazar con las m\u00e1ximas autoridades del gobierno provincial, fue informada la posibilidad de que nuestro distrito regrese a FASE 3, considerando la situaci\u00f3n sanitaria general, la evoluci\u00f3n de casos y la importancia que tiene para m\u00faltiples sectores [&hellip;]<\/p>\n","protected":false},"author":4,"featured_media":93027,"comment_status":"open","ping_status":"closed","sticky":false,"template":"","format":"standard","meta":{"om_disable_all_campaigns":false,"_jetpack_memberships_contains_paid_content":false,"footnotes":""},"categories":[2],"tags":[],"class_list":["post-94463","post","type-post","status-publish","format-standard","has-post-thumbnail","hentry","category-locales"],"aioseo_notices":[],"gutentor_comment":0,"jetpack_featured_media_url":"https:\/\/eldiariodesanpedro.com.ar\/sitio\/wp-content\/uploads\/2021\/05\/000091563.jpg","jetpack_shortlink":"https:\/\/wp.me\/p6RhLt-ozB","jetpack_sharing_enabled":true,"_links":{"self":[{"href":"https:\/\/eldiariodesanpedro.com.ar\/sitio\/wp-json\/wp\/v2\/posts\/94463","targetHints":{"allow":["GET"]}}],"collection":[{"href":"https:\/\/eldiariodesanpedro.com.ar\/sitio\/wp-json\/wp\/v2\/posts"}],"about":[{"href":"https:\/\/eldiariodesanpedro.com.ar\/sitio\/wp-json\/wp\/v2\/types\/post"}],"author":[{"embeddable":true,"href":"https:\/\/eldiariodesanpedro.com.ar\/sitio\/wp-json\/wp\/v2\/users\/4"}],"replies":[{"embeddable":true,"href":"https:\/\/eldiariodesanpedro.com.ar\/sitio\/wp-json\/wp\/v2\/comments?post=94463"}],"version-history":[{"count":1,"href":"https:\/\/eldiariodesanpedro.com.ar\/sitio\/wp-json\/wp\/v2\/posts\/94463\/revisions"}],"predecessor-version":[{"id":94464,"href":"https:\/\/eldiariodesanpedro.com.ar\/sitio\/wp-json\/wp\/v2\/posts\/94463\/revisions\/94464"}],"wp:featuredmedia":[{"embeddable":true,"href":"https:\/\/eldiariodesanpedro.com.ar\/sitio\/wp-json\/wp\/v2\/media\/93027"}],"wp:attachment":[{"href":"https:\/\/eldiariodesanpedro.com.ar\/sitio\/wp-json\/wp\/v2\/media?parent=94463"}],"wp:term":[{"taxonomy":"category","embeddable":true,"href":"https:\/\/eldiariodesanpedro.com.ar\/sitio\/wp-json\/wp\/v2\/categories?post=94463"},{"taxonomy":"post_tag","embeddable":true,"href":"https:\/\/eldiariodesanpedro.com.ar\/sitio\/wp-json\/wp\/v2\/tags?post=94463"}],"curies":[{"name":"wp","href":"https:\/\/api.w.org\/{rel}","templated":true}]}}