{"id":94460,"date":"2021-06-21T17:06:50","date_gmt":"2021-06-21T20:06:50","guid":{"rendered":"https:\/\/eldiariodesanpedro.com.ar\/sitio\/?p=94460"},"modified":"2021-06-21T17:06:55","modified_gmt":"2021-06-21T20:06:55","slug":"baradero-encuentro-de-motos-y-picadas-ilegales","status":"publish","type":"post","link":"https:\/\/eldiariodesanpedro.com.ar\/sitio\/baradero-encuentro-de-motos-y-picadas-ilegales\/","title":{"rendered":"BARADERO | Encuentro de motos y picadas ilegales"},"content":{"rendered":"<!-- VideographyWP Plugin Message: Automatic video embedding prevented by plugin options. -->\n\n<p>El s\u00e1bado desde horas de la ma\u00f1ana, una gran cantidad de motos ingresaron a la ciudad de Baradero por Ruta Provincial n\u00b0 41. Algunas fueron interceptadas y otras no. La convocatoria fue para un encuentro con el objetivo de generar carreras clandestinas.<\/p>\n\n\n\n<p>La direcci\u00f3n de tr\u00e1nsito debi\u00f3 intervenir por lo que identificaron y secuestraron algunas de ellas.<\/p>\n\n\n\n<p>Dario Cairo, director de transito, nos informa sobre esto.<\/p>\n\n\n\n<p>\u00abNos entremos a trav\u00e9s de una publicaci\u00f3n que iban a hacer un encuentro de motos en Baradero, se hizo un operativo donde se pudo determinar que ven\u00edan de San Pedro y sal\u00edan de dentro de la ciudad hacia el lado del cementerio Parque\u00bb<\/p>\n\n\n\n<p>\u00abEsta misma gente estaban realizando picadas en la zona de La Tortuga\u00bb<\/p>\n\n\n\n<p>\u00abSe logr\u00f3 desarticular, se pudo dar con una camioneta conducida por un hombre de Lima, a quien se le hizo alcoholemia y ten\u00eda todo los papeles en regla, por lo que no se pudo secuestrar el veh\u00edculo. Sospechamos que tra\u00eda motos en su caja o vino a ver el evento ilegal\u00bb<\/p>\n\n\n\n<p>\u00abSe detuvo una moto y aprendimos al conductor que quiso evadir el control\u00bb<\/p>\n\n\n\n<p>\u00abEl objetivo era desarticular el evento y se logr\u00f3\u00bb<\/p>\n\n\n\n<p>Fuente: <a href=\"https:\/\/www.facebook.com\/fmtiempo1035\">Fm Tiempo<\/a><\/p>\n","protected":false},"excerpt":{"rendered":"<p>El s\u00e1bado desde horas de la ma\u00f1ana, una gran cantidad de motos ingresaron a la ciudad de Baradero por Ruta Provincial n\u00b0 41. Algunas fueron interceptadas y otras no. La convocatoria fue para un encuentro con el objetivo de generar carreras clandestinas. La direcci\u00f3n de tr\u00e1nsito debi\u00f3 intervenir por lo que identificaron y secuestraron algunas [&hellip;]<\/p>\n","protected":false},"author":4,"featured_media":94461,"comment_status":"open","ping_status":"closed","sticky":false,"template":"","format":"standard","meta":{"om_disable_all_campaigns":false,"_jetpack_memberships_contains_paid_content":false,"footnotes":""},"categories":[621],"tags":[],"class_list":["post-94460","post","type-post","status-publish","format-standard","has-post-thumbnail","hentry","category-regionales"],"aioseo_notices":[],"gutentor_comment":0,"jetpack_featured_media_url":"https:\/\/eldiariodesanpedro.com.ar\/sitio\/wp-content\/uploads\/2021\/06\/204877048_1727298294124833_7494854159907842660_n.jpg","jetpack_shortlink":"https:\/\/wp.me\/p6RhLt-ozy","jetpack_sharing_enabled":true,"_links":{"self":[{"href":"https:\/\/eldiariodesanpedro.com.ar\/sitio\/wp-json\/wp\/v2\/posts\/94460","targetHints":{"allow":["GET"]}}],"collection":[{"href":"https:\/\/eldiariodesanpedro.com.ar\/sitio\/wp-json\/wp\/v2\/posts"}],"about":[{"href":"https:\/\/eldiariodesanpedro.com.ar\/sitio\/wp-json\/wp\/v2\/types\/post"}],"author":[{"embeddable":true,"href":"https:\/\/eldiariodesanpedro.com.ar\/sitio\/wp-json\/wp\/v2\/users\/4"}],"replies":[{"embeddable":true,"href":"https:\/\/eldiariodesanpedro.com.ar\/sitio\/wp-json\/wp\/v2\/comments?post=94460"}],"version-history":[{"count":1,"href":"https:\/\/eldiariodesanpedro.com.ar\/sitio\/wp-json\/wp\/v2\/posts\/94460\/revisions"}],"predecessor-version":[{"id":94462,"href":"https:\/\/eldiariodesanpedro.com.ar\/sitio\/wp-json\/wp\/v2\/posts\/94460\/revisions\/94462"}],"wp:featuredmedia":[{"embeddable":true,"href":"https:\/\/eldiariodesanpedro.com.ar\/sitio\/wp-json\/wp\/v2\/media\/94461"}],"wp:attachment":[{"href":"https:\/\/eldiariodesanpedro.com.ar\/sitio\/wp-json\/wp\/v2\/media?parent=94460"}],"wp:term":[{"taxonomy":"category","embeddable":true,"href":"https:\/\/eldiariodesanpedro.com.ar\/sitio\/wp-json\/wp\/v2\/categories?post=94460"},{"taxonomy":"post_tag","embeddable":true,"href":"https:\/\/eldiariodesanpedro.com.ar\/sitio\/wp-json\/wp\/v2\/tags?post=94460"}],"curies":[{"name":"wp","href":"https:\/\/api.w.org\/{rel}","templated":true}]}}