{"id":94454,"date":"2021-06-21T16:52:27","date_gmt":"2021-06-21T19:52:27","guid":{"rendered":"https:\/\/eldiariodesanpedro.com.ar\/sitio\/?p=94454"},"modified":"2021-06-21T16:52:37","modified_gmt":"2021-06-21T19:52:37","slug":"ramallo-caen-dos-estafadores-en-villa-ramallo","status":"publish","type":"post","link":"https:\/\/eldiariodesanpedro.com.ar\/sitio\/ramallo-caen-dos-estafadores-en-villa-ramallo\/","title":{"rendered":"RAMALLO | Caen dos estafadores en Villa Ramallo"},"content":{"rendered":"<!-- VideographyWP Plugin Message: Automatic video embedding prevented by plugin options. -->\n\n<p>Personal de la Estaci\u00f3n Comunal Segunda de Villa Ramallo procedi\u00f3 a la aprehensi\u00f3n de dos ciudadanos que estaban siendo buscados por estafas en comercios de San Nicol\u00e1s y Ramallo.<\/p>\n\n\n\n<p>Los detenidos fueron identificados como\u00a0<strong>Rub\u00e9n \u00c1ngel Reyes<\/strong>, de 37 a\u00f1os, y\u00a0<strong>Cristian Galv\u00e1n<\/strong>, de 27 a\u00f1os, ambos oriundos de localidad de Florencio Varela, quienes hab\u00edan realizado estafas en locales de indumentaria deportiva y electrodom\u00e9sticos en localidad de San Nicol\u00e1s.<\/p>\n\n\n\n<p>Al momento de su aprehensi\u00f3n, hab\u00edan efectuado compras con documentaci\u00f3n falsa en comercios de Villa Ramallo.<\/p>\n\n\n\n<p>En el momento de la aprehensi\u00f3n se secuestr\u00f3 gran cantidad de vestimenta deportiva, entre ellas zapatillas de marca reconocida; tel\u00e9fonos celulares de alta gama; electrodom\u00e9sticos; una\u00a0 motoguada\u00f1a y dinero en efectivo.<\/p>\n\n\n\n<p>Fuente: <a href=\"http:\/\/www.ramallociudad.com.ar\/nota.asp?id=162627&amp;t=Caen-dos-estafadores-en-Villa-Ramallo\">Ramallo Ciudad<\/a><\/p>\n","protected":false},"excerpt":{"rendered":"<p>Personal de la Estaci\u00f3n Comunal Segunda de Villa Ramallo procedi\u00f3 a la aprehensi\u00f3n de dos ciudadanos que estaban siendo buscados por estafas en comercios de San Nicol\u00e1s y Ramallo. Los detenidos fueron identificados como\u00a0Rub\u00e9n \u00c1ngel Reyes, de 37 a\u00f1os, y\u00a0Cristian Galv\u00e1n, de 27 a\u00f1os, ambos oriundos de localidad de Florencio Varela, quienes hab\u00edan realizado estafas [&hellip;]<\/p>\n","protected":false},"author":4,"featured_media":94455,"comment_status":"open","ping_status":"closed","sticky":false,"template":"","format":"standard","meta":{"om_disable_all_campaigns":false,"_jetpack_memberships_contains_paid_content":false,"footnotes":""},"categories":[621],"tags":[],"class_list":["post-94454","post","type-post","status-publish","format-standard","has-post-thumbnail","hentry","category-regionales"],"aioseo_notices":[],"gutentor_comment":0,"jetpack_featured_media_url":"https:\/\/eldiariodesanpedro.com.ar\/sitio\/wp-content\/uploads\/2021\/06\/bbx_33915133_1_estafas.jpg","jetpack_shortlink":"https:\/\/wp.me\/p6RhLt-ozs","jetpack_sharing_enabled":true,"_links":{"self":[{"href":"https:\/\/eldiariodesanpedro.com.ar\/sitio\/wp-json\/wp\/v2\/posts\/94454","targetHints":{"allow":["GET"]}}],"collection":[{"href":"https:\/\/eldiariodesanpedro.com.ar\/sitio\/wp-json\/wp\/v2\/posts"}],"about":[{"href":"https:\/\/eldiariodesanpedro.com.ar\/sitio\/wp-json\/wp\/v2\/types\/post"}],"author":[{"embeddable":true,"href":"https:\/\/eldiariodesanpedro.com.ar\/sitio\/wp-json\/wp\/v2\/users\/4"}],"replies":[{"embeddable":true,"href":"https:\/\/eldiariodesanpedro.com.ar\/sitio\/wp-json\/wp\/v2\/comments?post=94454"}],"version-history":[{"count":1,"href":"https:\/\/eldiariodesanpedro.com.ar\/sitio\/wp-json\/wp\/v2\/posts\/94454\/revisions"}],"predecessor-version":[{"id":94456,"href":"https:\/\/eldiariodesanpedro.com.ar\/sitio\/wp-json\/wp\/v2\/posts\/94454\/revisions\/94456"}],"wp:featuredmedia":[{"embeddable":true,"href":"https:\/\/eldiariodesanpedro.com.ar\/sitio\/wp-json\/wp\/v2\/media\/94455"}],"wp:attachment":[{"href":"https:\/\/eldiariodesanpedro.com.ar\/sitio\/wp-json\/wp\/v2\/media?parent=94454"}],"wp:term":[{"taxonomy":"category","embeddable":true,"href":"https:\/\/eldiariodesanpedro.com.ar\/sitio\/wp-json\/wp\/v2\/categories?post=94454"},{"taxonomy":"post_tag","embeddable":true,"href":"https:\/\/eldiariodesanpedro.com.ar\/sitio\/wp-json\/wp\/v2\/tags?post=94454"}],"curies":[{"name":"wp","href":"https:\/\/api.w.org\/{rel}","templated":true}]}}