{"id":94451,"date":"2021-06-21T16:47:52","date_gmt":"2021-06-21T19:47:52","guid":{"rendered":"https:\/\/eldiariodesanpedro.com.ar\/sitio\/?p=94451"},"modified":"2021-06-21T16:47:56","modified_gmt":"2021-06-21T19:47:56","slug":"san-nicolas-robaron-a-mano-armada-la-ypf-de-garetto-y-sustrajeron-el-arma-de-la-efectivo-policial","status":"publish","type":"post","link":"https:\/\/eldiariodesanpedro.com.ar\/sitio\/san-nicolas-robaron-a-mano-armada-la-ypf-de-garetto-y-sustrajeron-el-arma-de-la-efectivo-policial\/","title":{"rendered":"SAN NICOLAS | Robaron a mano armada la YPF de Garetto y sustrajeron el arma de la efectivo policial"},"content":{"rendered":"<!-- VideographyWP Plugin Message: Automatic video embedding prevented by plugin options. -->\n\n<p><strong>En la madrugada de hoy, tres sujetos con el rostro cubierto y a mano armada redujeron al personal y a una agente de seguridad de la YPF ubicada en Avda. Per\u00f3n y De la Paz, sustrayendo la recaudaci\u00f3n de la noche y el arma reglamentaria de la oficial, para huir a toda velocidad en un Renault Kwid.<\/strong><\/p>\n\n\n\n<p><video controls=\"\" src=\"https:\/\/www.diarioelnorte.com.ar\/wp-content\/uploads\/2021\/06\/ypf.mp4\"><\/video><\/p>\n\n\n\n<p>En la madrugada de hoy, cerca de las 2.30, en momentos en que el empleado de la YPF \u201c20 de Julio\u201d y una efectivo policial que custodiaba el comercio, se encontraban dentro de la oficina, fueron sorprendidos por tres sujetos armados con el rostro cubierto, quienes r\u00e1pidamente los redujeron. A la efectivo, utilizando su propio juego de esposas, la amarraron en el ba\u00f1o, rob\u00e1ndole su arma reglamentaria, una pistola Bersa Tunder Pro calibre 9 mm. Asimismo al empleado de la estaci\u00f3n de servicio le sustrajeron la recaudaci\u00f3n de la noche. Cometido el atraco los malvivientes r\u00e1pidamente huyeron en un autom\u00f3vil Renault Kwid, color blanco, sin patentes y vidrios polarizados.<\/p>\n\n\n\n<p><strong>Investigaci\u00f3n<\/strong><br>Anoticiados de lo ocurrido merced a un llamado al 911, se efectu\u00f3 un operativo cerrojo pero sin resultado positivo. Intervino en el episodio personal de la DDI que se aboc\u00f3 a la investigaci\u00f3n de este robo calificado. Las c\u00e1maras de seguridad tomaron el r\u00e1pido atraco donde se puede ver como reducen al playero y la efectivo policial. Tomo actuaciones la UFI Nro. 6 solicitando el secuestro del arma sustra\u00edda.<\/p>\n\n\n\n<p>Fuente: <a href=\"https:\/\/www.diarioelnorte.com.ar\/robaron-a-mano-armada-la-ypf-de-garetto-y-sustrajeron-el-arma-de-la-efectivo-policial\/\">Diario El Norte<\/a><\/p>\n","protected":false},"excerpt":{"rendered":"<p>En la madrugada de hoy, tres sujetos con el rostro cubierto y a mano armada redujeron al personal y a una agente de seguridad de la YPF ubicada en Avda. Per\u00f3n y De la Paz, sustrayendo la recaudaci\u00f3n de la noche y el arma reglamentaria de la oficial, para huir a toda velocidad en un [&hellip;]<\/p>\n","protected":false},"author":4,"featured_media":94452,"comment_status":"open","ping_status":"closed","sticky":false,"template":"","format":"standard","meta":{"om_disable_all_campaigns":false,"_jetpack_memberships_contains_paid_content":false,"footnotes":""},"categories":[621],"tags":[],"class_list":["post-94451","post","type-post","status-publish","format-standard","has-post-thumbnail","hentry","category-regionales"],"aioseo_notices":[],"gutentor_comment":0,"jetpack_featured_media_url":"https:\/\/eldiariodesanpedro.com.ar\/sitio\/wp-content\/uploads\/2021\/06\/2021-06-21-1.png","jetpack_shortlink":"https:\/\/wp.me\/p6RhLt-ozp","jetpack_sharing_enabled":true,"_links":{"self":[{"href":"https:\/\/eldiariodesanpedro.com.ar\/sitio\/wp-json\/wp\/v2\/posts\/94451","targetHints":{"allow":["GET"]}}],"collection":[{"href":"https:\/\/eldiariodesanpedro.com.ar\/sitio\/wp-json\/wp\/v2\/posts"}],"about":[{"href":"https:\/\/eldiariodesanpedro.com.ar\/sitio\/wp-json\/wp\/v2\/types\/post"}],"author":[{"embeddable":true,"href":"https:\/\/eldiariodesanpedro.com.ar\/sitio\/wp-json\/wp\/v2\/users\/4"}],"replies":[{"embeddable":true,"href":"https:\/\/eldiariodesanpedro.com.ar\/sitio\/wp-json\/wp\/v2\/comments?post=94451"}],"version-history":[{"count":1,"href":"https:\/\/eldiariodesanpedro.com.ar\/sitio\/wp-json\/wp\/v2\/posts\/94451\/revisions"}],"predecessor-version":[{"id":94453,"href":"https:\/\/eldiariodesanpedro.com.ar\/sitio\/wp-json\/wp\/v2\/posts\/94451\/revisions\/94453"}],"wp:featuredmedia":[{"embeddable":true,"href":"https:\/\/eldiariodesanpedro.com.ar\/sitio\/wp-json\/wp\/v2\/media\/94452"}],"wp:attachment":[{"href":"https:\/\/eldiariodesanpedro.com.ar\/sitio\/wp-json\/wp\/v2\/media?parent=94451"}],"wp:term":[{"taxonomy":"category","embeddable":true,"href":"https:\/\/eldiariodesanpedro.com.ar\/sitio\/wp-json\/wp\/v2\/categories?post=94451"},{"taxonomy":"post_tag","embeddable":true,"href":"https:\/\/eldiariodesanpedro.com.ar\/sitio\/wp-json\/wp\/v2\/tags?post=94451"}],"curies":[{"name":"wp","href":"https:\/\/api.w.org\/{rel}","templated":true}]}}