{"id":94445,"date":"2021-06-21T16:37:18","date_gmt":"2021-06-21T19:37:18","guid":{"rendered":"https:\/\/eldiariodesanpedro.com.ar\/sitio\/?p=94445"},"modified":"2021-06-21T16:38:57","modified_gmt":"2021-06-21T19:38:57","slug":"de-acuerdo-a-un-informe-oficial-bajaron-los-delitos-de-la-provincia-de-buenos-aires-en-los-ultimos-tres-meses","status":"publish","type":"post","link":"https:\/\/eldiariodesanpedro.com.ar\/sitio\/de-acuerdo-a-un-informe-oficial-bajaron-los-delitos-de-la-provincia-de-buenos-aires-en-los-ultimos-tres-meses\/","title":{"rendered":"De acuerdo a un informe oficial bajaron los delitos de la provincia de Buenos Aires en los \u00faltimos tres meses"},"content":{"rendered":"<!-- VideographyWP Plugin Message: Automatic video embedding prevented by plugin options. -->\n\n<p><strong>La baja del delito en la provincia de Buenos Aires es una bandera que puede enarbolar la gesti\u00f3n de Axel Kicillof y particularmente, el ministro de Seguridad bonaerense, Sergio Berni, para la campa\u00f1a electoral que se avecina si es que la oposici\u00f3n busca ganar esa agenda. Aunque la contrapartida es la cantidad de \u201cotros hechos cometidos\u201d que son los no prevenibles, como violencia familiar o vecinal, violencia de g\u00e9nero y todo lo que sucede en el \u00e1mbito familiar, que son superiores a los \u201cdelitos tradicionales\u201d.<\/strong><\/p>\n\n\n\n<p>En enero de este a\u00f1o se registraron -seg\u00fan informaci\u00f3n que fue aportada por el ministerio de Seguridad bonaerense- 17.463 delitos. Mientras que en mayo ese n\u00famero baj\u00f3 a 12.581 registrados. Corresponden a delitos prevenibles que engloban hurtos, robos, asaltos, piratas del asfalto, cuatrerismo, automotores, homicidio y violaciones. La variaci\u00f3n representa una baja del 28% desde el primer al quinto mes del a\u00f1o. Sin embargo, a la ca\u00edda de los este tipo de delitos se le agregan en mayor volumen los considerados \u201cno prevenibles\u201d, como violencia familiar o vecinal, violencia de g\u00e9nero y todo lo que sucede en el \u00e1mbito familiar.<\/p>\n\n\n\n<p>As\u00ed se desprende del informe de 659 p\u00e1ginas que el gobierno bonaerense elabor\u00f3 para presentar frente a la comisi\u00f3n bicameral de Seguimiento, Fiscalizaci\u00f3n y Control para la Emergencia.<\/p>\n\n\n\n<figure class=\"wp-block-image size-large\"><img decoding=\"async\" width=\"910\" height=\"423\" data-attachment-id=\"94446\" data-permalink=\"https:\/\/eldiariodesanpedro.com.ar\/sitio\/de-acuerdo-a-un-informe-oficial-bajaron-los-delitos-de-la-provincia-de-buenos-aires-en-los-ultimos-tres-meses\/estadistica-gobierno-seguridad\/\" data-orig-file=\"https:\/\/eldiariodesanpedro.com.ar\/sitio\/wp-content\/uploads\/2021\/06\/estadistica-gobierno-seguridad.jpg\" data-orig-size=\"910,423\" data-comments-opened=\"1\" data-image-meta=\"{&quot;aperture&quot;:&quot;0&quot;,&quot;credit&quot;:&quot;&quot;,&quot;camera&quot;:&quot;&quot;,&quot;caption&quot;:&quot;&quot;,&quot;created_timestamp&quot;:&quot;0&quot;,&quot;copyright&quot;:&quot;&quot;,&quot;focal_length&quot;:&quot;0&quot;,&quot;iso&quot;:&quot;0&quot;,&quot;shutter_speed&quot;:&quot;0&quot;,&quot;title&quot;:&quot;&quot;,&quot;orientation&quot;:&quot;1&quot;}\" data-image-title=\"estadistica-gobierno-seguridad\" data-image-description=\"\" data-image-caption=\"\" data-large-file=\"https:\/\/eldiariodesanpedro.com.ar\/sitio\/wp-content\/uploads\/2021\/06\/estadistica-gobierno-seguridad.jpg\" data-src=\"https:\/\/eldiariodesanpedro.com.ar\/sitio\/wp-content\/uploads\/2021\/06\/estadistica-gobierno-seguridad.jpg\" alt=\"\" class=\"wp-image-94446 lazyload\" data-srcset=\"https:\/\/eldiariodesanpedro.com.ar\/sitio\/wp-content\/uploads\/2021\/06\/estadistica-gobierno-seguridad.jpg 910w, https:\/\/eldiariodesanpedro.com.ar\/sitio\/wp-content\/uploads\/2021\/06\/estadistica-gobierno-seguridad-300x139.jpg 300w, https:\/\/eldiariodesanpedro.com.ar\/sitio\/wp-content\/uploads\/2021\/06\/estadistica-gobierno-seguridad-768x357.jpg 768w\" data-sizes=\"(max-width: 910px) 100vw, 910px\" src=\"data:image\/svg+xml;base64,PHN2ZyB3aWR0aD0iMSIgaGVpZ2h0PSIxIiB4bWxucz0iaHR0cDovL3d3dy53My5vcmcvMjAwMC9zdmciPjwvc3ZnPg==\" style=\"--smush-placeholder-width: 910px; --smush-placeholder-aspect-ratio: 910\/423;\" \/><\/figure>\n\n\n\n<p>Los datos duros en la baja de los delitos que se registran en la antesala de la campa\u00f1a electoral para el Frente de Todos asoma como un reaseguro para el oficialismo. A diferencia de otras elecciones de medio t\u00e9rmino, la inseguridad no gana hoy como tema de debate como s\u00ed lo es la inflaci\u00f3n o, claro, todo lo que engloba la pandemia y post-pandemia.<\/p>\n\n\n\n<p>Por ejemplo, un estudio de Proyecci\u00f3n Consultores con cierre al 10 de junio da cuenta que sobre 1.229 casos, reclutados mediante puntos muestra geolocalizados en la provincia de Buenos Aires, la inseguridad est\u00e1 en el quinto lugar de preocupaciones. La primera, con el 29,4%, es la inflaci\u00f3n y el alto precio de los alimentos. Le siguen el desempleo (falta de empleo, quedarse sin trabajo, bajos salarios), la corrupci\u00f3n (falta de transparencia en el gobierno) y el coronavirus (posible contagio).<\/p>\n\n\n\n<p>Contrastado con una encuesta nacional de Acierto Consultora, la inseguridad tambi\u00e9n est\u00e1 por detr\u00e1s de otras preocupaciones. En este estudio, la inflaci\u00f3n est\u00e1 en el primer puesto, seguido por desempleo, la cuesti\u00f3n de la salud (incluyendo coronavirus) y la pobreza. Reci\u00e9n detr\u00e1s de estos \u00edtems aparece la inseguridad.<\/p>\n\n\n\n<p>La vacunaci\u00f3n y lo hecho en el marco de la pandemia ser\u00e1 entonces uno de los puntos que resaltar\u00e1 el Frente de Todos. En el gobierno de Kicillof dicen que a la batalla discursiva hay que agregarle los proyectos de infraestructura reactivados y los propios. Este viernes, el mandatario fue hasta General Paz y encabez\u00f3 la entrega de 53 viviendas. El martes est\u00e1 previsto que vaya al conurbano norte donde entregar\u00e1 patrulleros para los municipios de San Fernando y Tigre. Lo recibir\u00e1n los intendentes Juan Andreotti (San Fernando) y Julio Zamora (Tigre).<\/p>\n\n\n\n<p>Los patrulleros que viene entregando la Provincia surgen del Programa de Fortalecimiento de la Seguridad anunciado por el Gobierno nacional es un complemento que suele agregar el gobernador cuando se mete en un terreno escabroso como es la inseguridad. Es una inversi\u00f3n que implica $37.700 millones y contempla la formaci\u00f3n de 10.000 nuevos agentes, la incorporaci\u00f3n de 2.200 nuevos m\u00f3viles policiales y la construcci\u00f3n de 4.000 paradas seguras con c\u00e1maras y diversos dispositivos de seguridad.<\/p>\n\n\n\n<p>Adem\u00e1s, la realizaci\u00f3n de obras en 96 comisar\u00edas de los 24 partidos del Gran Buenos Aires y la construcci\u00f3n de 12 unidades carcelarias con capacidad para alojar a 5.000 internos. En ese punto ya viene avanzando la Provincia. Este jueves la c\u00e1mara de Diputados bonaerense vot\u00f3 la expropiaci\u00f3n de terrenos en Lan\u00fas, Ezeiza y Tres de Febrero. Resta la aprobaci\u00f3n en el Senado para disponer de algunos de los lugares donde se emplazar\u00e1n las alcald\u00edas.<\/p>\n\n\n\n<p>Fuente:  Infobae<\/p>\n\n\n\n<p><strong>PUBLICIDAD | MAS ENVIOS SAN PEDRO<\/strong><\/p>\n\n\n\n<figure class=\"wp-block-image size-large\"><a href=\"https:\/\/play.google.com\/store\/apps\/details?id=es.masenvios.android106097&amp;hl=es&amp;gl=AR&amp;fbclid=IwAR3eAClc44DD5xxggy_0Rl7erwxXG-DRdznfHa_53CcfCUPcK3BRyNqBOdk\"><img decoding=\"async\" width=\"1024\" height=\"1024\" data-attachment-id=\"94404\" data-permalink=\"https:\/\/eldiariodesanpedro.com.ar\/sitio\/un-ciudadano-de-32-anos-fallecio-de-covid-en-las-ultimas-24-hs\/publicidad3\/\" data-orig-file=\"https:\/\/eldiariodesanpedro.com.ar\/sitio\/wp-content\/uploads\/2021\/06\/publicidad3.png\" data-orig-size=\"1379,1379\" data-comments-opened=\"1\" data-image-meta=\"{&quot;aperture&quot;:&quot;0&quot;,&quot;credit&quot;:&quot;&quot;,&quot;camera&quot;:&quot;&quot;,&quot;caption&quot;:&quot;&quot;,&quot;created_timestamp&quot;:&quot;0&quot;,&quot;copyright&quot;:&quot;&quot;,&quot;focal_length&quot;:&quot;0&quot;,&quot;iso&quot;:&quot;0&quot;,&quot;shutter_speed&quot;:&quot;0&quot;,&quot;title&quot;:&quot;&quot;,&quot;orientation&quot;:&quot;0&quot;}\" data-image-title=\"publicidad3\" data-image-description=\"\" data-image-caption=\"\" data-large-file=\"https:\/\/eldiariodesanpedro.com.ar\/sitio\/wp-content\/uploads\/2021\/06\/publicidad3-1024x1024.png\" data-src=\"https:\/\/eldiariodesanpedro.com.ar\/sitio\/wp-content\/uploads\/2021\/06\/publicidad3-1024x1024.png\" alt=\"\" class=\"wp-image-94404 lazyload\" data-srcset=\"https:\/\/eldiariodesanpedro.com.ar\/sitio\/wp-content\/uploads\/2021\/06\/publicidad3-1024x1024.png 1024w, https:\/\/eldiariodesanpedro.com.ar\/sitio\/wp-content\/uploads\/2021\/06\/publicidad3-300x300.png 300w, https:\/\/eldiariodesanpedro.com.ar\/sitio\/wp-content\/uploads\/2021\/06\/publicidad3-150x150.png 150w, https:\/\/eldiariodesanpedro.com.ar\/sitio\/wp-content\/uploads\/2021\/06\/publicidad3-768x768.png 768w, https:\/\/eldiariodesanpedro.com.ar\/sitio\/wp-content\/uploads\/2021\/06\/publicidad3.png 1379w\" data-sizes=\"(max-width: 1024px) 100vw, 1024px\" src=\"data:image\/svg+xml;base64,PHN2ZyB3aWR0aD0iMSIgaGVpZ2h0PSIxIiB4bWxucz0iaHR0cDovL3d3dy53My5vcmcvMjAwMC9zdmciPjwvc3ZnPg==\" style=\"--smush-placeholder-width: 1024px; --smush-placeholder-aspect-ratio: 1024\/1024;\" \/><\/a><\/figure>\n","protected":false},"excerpt":{"rendered":"<p>La baja del delito en la provincia de Buenos Aires es una bandera que puede enarbolar la gesti\u00f3n de Axel Kicillof y particularmente, el ministro de Seguridad bonaerense, Sergio Berni, para la campa\u00f1a electoral que se avecina si es que la oposici\u00f3n busca ganar esa agenda. Aunque la contrapartida es la cantidad de \u201cotros hechos [&hellip;]<\/p>\n","protected":false},"author":4,"featured_media":94447,"comment_status":"open","ping_status":"closed","sticky":false,"template":"","format":"standard","meta":{"om_disable_all_campaigns":false,"_jetpack_memberships_contains_paid_content":false,"footnotes":""},"categories":[621],"tags":[],"class_list":["post-94445","post","type-post","status-publish","format-standard","has-post-thumbnail","hentry","category-regionales"],"aioseo_notices":[],"gutentor_comment":0,"jetpack_featured_media_url":"https:\/\/eldiariodesanpedro.com.ar\/sitio\/wp-content\/uploads\/2021\/06\/sergio-berni.jpg","jetpack_shortlink":"https:\/\/wp.me\/p6RhLt-ozj","jetpack_sharing_enabled":true,"_links":{"self":[{"href":"https:\/\/eldiariodesanpedro.com.ar\/sitio\/wp-json\/wp\/v2\/posts\/94445","targetHints":{"allow":["GET"]}}],"collection":[{"href":"https:\/\/eldiariodesanpedro.com.ar\/sitio\/wp-json\/wp\/v2\/posts"}],"about":[{"href":"https:\/\/eldiariodesanpedro.com.ar\/sitio\/wp-json\/wp\/v2\/types\/post"}],"author":[{"embeddable":true,"href":"https:\/\/eldiariodesanpedro.com.ar\/sitio\/wp-json\/wp\/v2\/users\/4"}],"replies":[{"embeddable":true,"href":"https:\/\/eldiariodesanpedro.com.ar\/sitio\/wp-json\/wp\/v2\/comments?post=94445"}],"version-history":[{"count":3,"href":"https:\/\/eldiariodesanpedro.com.ar\/sitio\/wp-json\/wp\/v2\/posts\/94445\/revisions"}],"predecessor-version":[{"id":94450,"href":"https:\/\/eldiariodesanpedro.com.ar\/sitio\/wp-json\/wp\/v2\/posts\/94445\/revisions\/94450"}],"wp:featuredmedia":[{"embeddable":true,"href":"https:\/\/eldiariodesanpedro.com.ar\/sitio\/wp-json\/wp\/v2\/media\/94447"}],"wp:attachment":[{"href":"https:\/\/eldiariodesanpedro.com.ar\/sitio\/wp-json\/wp\/v2\/media?parent=94445"}],"wp:term":[{"taxonomy":"category","embeddable":true,"href":"https:\/\/eldiariodesanpedro.com.ar\/sitio\/wp-json\/wp\/v2\/categories?post=94445"},{"taxonomy":"post_tag","embeddable":true,"href":"https:\/\/eldiariodesanpedro.com.ar\/sitio\/wp-json\/wp\/v2\/tags?post=94445"}],"curies":[{"name":"wp","href":"https:\/\/api.w.org\/{rel}","templated":true}]}}