{"id":94443,"date":"2021-06-21T16:33:27","date_gmt":"2021-06-21T19:33:27","guid":{"rendered":"https:\/\/eldiariodesanpedro.com.ar\/sitio\/?p=94443"},"modified":"2021-06-21T16:33:31","modified_gmt":"2021-06-21T19:33:31","slug":"anses-se-suspendio-el-tramite-de-supervivencia-hasta-fin-de-ano","status":"publish","type":"post","link":"https:\/\/eldiariodesanpedro.com.ar\/sitio\/anses-se-suspendio-el-tramite-de-supervivencia-hasta-fin-de-ano\/","title":{"rendered":"ANSES: Se suspendi\u00f3 el tr\u00e1mite de supervivencia hasta fin de a\u00f1o"},"content":{"rendered":"<!-- VideographyWP Plugin Message: Automatic video embedding prevented by plugin options. -->\n\n<p>El tambi\u00e9n conocido tr\u00e1mite de supervivencia se suspende hasta fin de a\u00f1o. As\u00ed lo inform\u00f3 la ANSES en las \u00faltimas horas.<\/p>\n\n\n\n<p>La ANSES inform\u00f3 que se prorrog\u00f3 hasta el 31 de diciembre la suspensi\u00f3n del tr\u00e1mite de supervivencia \/ fe de vida para el cobro de las jubilaciones y pensiones de julio, agosto, septiembre, octubre, noviembre y diciembre.<\/p>\n\n\n\n<p>\u00abEsto significa que los beneficiarios y beneficiarias no deben concurrir a los bancos para hacer el tr\u00e1mite\u00bb, se explic\u00f3 desde el organismo oficial.<\/p>\n\n\n\n<p>Adem\u00e1s, se establece que titulares residentes en el exterior pueden presentar, de forma excepcional, el certificado de supervivencia semestral ante el banco apoderado tambi\u00e9n hasta el \u00faltimo d\u00eda de diciembre, se anunci\u00f3 desde la ANSES.<\/p>\n\n\n\n<p><strong>PUBLICIDAD | MAS ENVIOS SAN PEDRO<\/strong><\/p>\n\n\n\n<figure class=\"wp-block-image size-large\"><a href=\"https:\/\/play.google.com\/store\/apps\/details?id=es.masenvios.android106097&amp;hl=es&amp;gl=AR&amp;fbclid=IwAR3eAClc44DD5xxggy_0Rl7erwxXG-DRdznfHa_53CcfCUPcK3BRyNqBOdk\"><img decoding=\"async\" width=\"1024\" height=\"1024\" data-attachment-id=\"94404\" data-permalink=\"https:\/\/eldiariodesanpedro.com.ar\/sitio\/un-ciudadano-de-32-anos-fallecio-de-covid-en-las-ultimas-24-hs\/publicidad3\/\" data-orig-file=\"https:\/\/eldiariodesanpedro.com.ar\/sitio\/wp-content\/uploads\/2021\/06\/publicidad3.png\" data-orig-size=\"1379,1379\" data-comments-opened=\"1\" data-image-meta=\"{&quot;aperture&quot;:&quot;0&quot;,&quot;credit&quot;:&quot;&quot;,&quot;camera&quot;:&quot;&quot;,&quot;caption&quot;:&quot;&quot;,&quot;created_timestamp&quot;:&quot;0&quot;,&quot;copyright&quot;:&quot;&quot;,&quot;focal_length&quot;:&quot;0&quot;,&quot;iso&quot;:&quot;0&quot;,&quot;shutter_speed&quot;:&quot;0&quot;,&quot;title&quot;:&quot;&quot;,&quot;orientation&quot;:&quot;0&quot;}\" data-image-title=\"publicidad3\" data-image-description=\"\" data-image-caption=\"\" data-large-file=\"https:\/\/eldiariodesanpedro.com.ar\/sitio\/wp-content\/uploads\/2021\/06\/publicidad3-1024x1024.png\" data-src=\"https:\/\/eldiariodesanpedro.com.ar\/sitio\/wp-content\/uploads\/2021\/06\/publicidad3-1024x1024.png\" alt=\"\" class=\"wp-image-94404 lazyload\" data-srcset=\"https:\/\/eldiariodesanpedro.com.ar\/sitio\/wp-content\/uploads\/2021\/06\/publicidad3-1024x1024.png 1024w, https:\/\/eldiariodesanpedro.com.ar\/sitio\/wp-content\/uploads\/2021\/06\/publicidad3-300x300.png 300w, https:\/\/eldiariodesanpedro.com.ar\/sitio\/wp-content\/uploads\/2021\/06\/publicidad3-150x150.png 150w, https:\/\/eldiariodesanpedro.com.ar\/sitio\/wp-content\/uploads\/2021\/06\/publicidad3-768x768.png 768w, https:\/\/eldiariodesanpedro.com.ar\/sitio\/wp-content\/uploads\/2021\/06\/publicidad3.png 1379w\" data-sizes=\"(max-width: 1024px) 100vw, 1024px\" src=\"data:image\/svg+xml;base64,PHN2ZyB3aWR0aD0iMSIgaGVpZ2h0PSIxIiB4bWxucz0iaHR0cDovL3d3dy53My5vcmcvMjAwMC9zdmciPjwvc3ZnPg==\" style=\"--smush-placeholder-width: 1024px; --smush-placeholder-aspect-ratio: 1024\/1024;\" \/><\/a><\/figure>\n\n\n\n<p><\/p>\n","protected":false},"excerpt":{"rendered":"<p>El tambi\u00e9n conocido tr\u00e1mite de supervivencia se suspende hasta fin de a\u00f1o. As\u00ed lo inform\u00f3 la ANSES en las \u00faltimas horas. La ANSES inform\u00f3 que se prorrog\u00f3 hasta el 31 de diciembre la suspensi\u00f3n del tr\u00e1mite de supervivencia \/ fe de vida para el cobro de las jubilaciones y pensiones de julio, agosto, septiembre, octubre, [&hellip;]<\/p>\n","protected":false},"author":4,"featured_media":79417,"comment_status":"open","ping_status":"closed","sticky":false,"template":"","format":"standard","meta":{"om_disable_all_campaigns":false,"_jetpack_memberships_contains_paid_content":false,"footnotes":""},"categories":[101,2],"tags":[],"class_list":["post-94443","post","type-post","status-publish","format-standard","has-post-thumbnail","hentry","category-interes-general-locales","category-locales"],"aioseo_notices":[],"gutentor_comment":0,"jetpack_featured_media_url":"https:\/\/eldiariodesanpedro.com.ar\/sitio\/wp-content\/uploads\/2020\/08\/1588601711_001936_1588601952_noticia_normal.jpg","jetpack_shortlink":"https:\/\/wp.me\/p6RhLt-ozh","jetpack_sharing_enabled":true,"_links":{"self":[{"href":"https:\/\/eldiariodesanpedro.com.ar\/sitio\/wp-json\/wp\/v2\/posts\/94443","targetHints":{"allow":["GET"]}}],"collection":[{"href":"https:\/\/eldiariodesanpedro.com.ar\/sitio\/wp-json\/wp\/v2\/posts"}],"about":[{"href":"https:\/\/eldiariodesanpedro.com.ar\/sitio\/wp-json\/wp\/v2\/types\/post"}],"author":[{"embeddable":true,"href":"https:\/\/eldiariodesanpedro.com.ar\/sitio\/wp-json\/wp\/v2\/users\/4"}],"replies":[{"embeddable":true,"href":"https:\/\/eldiariodesanpedro.com.ar\/sitio\/wp-json\/wp\/v2\/comments?post=94443"}],"version-history":[{"count":1,"href":"https:\/\/eldiariodesanpedro.com.ar\/sitio\/wp-json\/wp\/v2\/posts\/94443\/revisions"}],"predecessor-version":[{"id":94444,"href":"https:\/\/eldiariodesanpedro.com.ar\/sitio\/wp-json\/wp\/v2\/posts\/94443\/revisions\/94444"}],"wp:featuredmedia":[{"embeddable":true,"href":"https:\/\/eldiariodesanpedro.com.ar\/sitio\/wp-json\/wp\/v2\/media\/79417"}],"wp:attachment":[{"href":"https:\/\/eldiariodesanpedro.com.ar\/sitio\/wp-json\/wp\/v2\/media?parent=94443"}],"wp:term":[{"taxonomy":"category","embeddable":true,"href":"https:\/\/eldiariodesanpedro.com.ar\/sitio\/wp-json\/wp\/v2\/categories?post=94443"},{"taxonomy":"post_tag","embeddable":true,"href":"https:\/\/eldiariodesanpedro.com.ar\/sitio\/wp-json\/wp\/v2\/tags?post=94443"}],"curies":[{"name":"wp","href":"https:\/\/api.w.org\/{rel}","templated":true}]}}