{"id":94440,"date":"2021-06-21T16:29:02","date_gmt":"2021-06-21T19:29:02","guid":{"rendered":"https:\/\/eldiariodesanpedro.com.ar\/sitio\/?p=94440"},"modified":"2021-06-21T16:29:07","modified_gmt":"2021-06-21T19:29:07","slug":"campana-banda-de-estafadores-detenida-hay-involucrados-un-matrimonio-y-una-gestoria","status":"publish","type":"post","link":"https:\/\/eldiariodesanpedro.com.ar\/sitio\/campana-banda-de-estafadores-detenida-hay-involucrados-un-matrimonio-y-una-gestoria\/","title":{"rendered":"CAMPANA | Banda de estafadores detenida: hay involucrados un matrimonio y una gestor\u00eda"},"content":{"rendered":"<!-- VideographyWP Plugin Message: Automatic video embedding prevented by plugin options. -->\n\n<p>Amediados de Febrero dos vecinos de la localidad de Campana adquirieron un terreno con la intenci\u00f3n de hacer posesi\u00f3n inmediata.<\/p>\n\n\n\n<p>Tras haber realizado los tr\u00e1mites correspondientes tomaron conocimiento de que hab\u00edan sido v\u00edctimas de una estafa y que el lugar ya ten\u00eda un due\u00f1o leg\u00edtimo. Lamentablemente pagaron m\u00e1s de dos millones de pesos e incluso entregaron un auto en parte pago<\/p>\n\n\n\n<p>Efectivos de la DDI Z\u00e1rate &#8211; Campana iniciaron una investigaci\u00f3n y lograron determinar que la banda estaba compuesta por una gestor\u00eda de Pilar y un matrimonio de Campana. Luego de certificar domicilios se procedi\u00f3 a realizar los correspondientes allanamientos y la posterior detenci\u00f3n de tres involucrados en el il\u00edcito. Tambi\u00e9n secuestraron dinero en efectivo, celulares y documentaci\u00f3n de inter\u00e9s para la causa.<\/p>\n\n\n\n<p>La fiscal\u00eda interviniente dispuso que los implicados sean alojados en la Comisar\u00eda de Escobar y Comisar\u00eda de Campana para ser indagados en los pr\u00f3ximos d\u00edas.<\/p>\n\n\n\n<p>Fuente: <a href=\"https:\/\/www.enlacecritico.com\/destacados\/banda-de-estafadores-detenida-hay-involucrados-un-matrimonio-y-una-gestoria\/\">Enlace Critico<\/a><\/p>\n","protected":false},"excerpt":{"rendered":"<p>Amediados de Febrero dos vecinos de la localidad de Campana adquirieron un terreno con la intenci\u00f3n de hacer posesi\u00f3n inmediata. Tras haber realizado los tr\u00e1mites correspondientes tomaron conocimiento de que hab\u00edan sido v\u00edctimas de una estafa y que el lugar ya ten\u00eda un due\u00f1o leg\u00edtimo. Lamentablemente pagaron m\u00e1s de dos millones de pesos e incluso [&hellip;]<\/p>\n","protected":false},"author":4,"featured_media":94441,"comment_status":"open","ping_status":"closed","sticky":false,"template":"","format":"standard","meta":{"om_disable_all_campaigns":false,"_jetpack_memberships_contains_paid_content":false,"footnotes":""},"categories":[2],"tags":[],"class_list":["post-94440","post","type-post","status-publish","format-standard","has-post-thumbnail","hentry","category-locales"],"aioseo_notices":[],"gutentor_comment":0,"jetpack_featured_media_url":"https:\/\/eldiariodesanpedro.com.ar\/sitio\/wp-content\/uploads\/2021\/06\/Banda-4.jpg","jetpack_shortlink":"https:\/\/wp.me\/p6RhLt-oze","jetpack_sharing_enabled":true,"_links":{"self":[{"href":"https:\/\/eldiariodesanpedro.com.ar\/sitio\/wp-json\/wp\/v2\/posts\/94440","targetHints":{"allow":["GET"]}}],"collection":[{"href":"https:\/\/eldiariodesanpedro.com.ar\/sitio\/wp-json\/wp\/v2\/posts"}],"about":[{"href":"https:\/\/eldiariodesanpedro.com.ar\/sitio\/wp-json\/wp\/v2\/types\/post"}],"author":[{"embeddable":true,"href":"https:\/\/eldiariodesanpedro.com.ar\/sitio\/wp-json\/wp\/v2\/users\/4"}],"replies":[{"embeddable":true,"href":"https:\/\/eldiariodesanpedro.com.ar\/sitio\/wp-json\/wp\/v2\/comments?post=94440"}],"version-history":[{"count":1,"href":"https:\/\/eldiariodesanpedro.com.ar\/sitio\/wp-json\/wp\/v2\/posts\/94440\/revisions"}],"predecessor-version":[{"id":94442,"href":"https:\/\/eldiariodesanpedro.com.ar\/sitio\/wp-json\/wp\/v2\/posts\/94440\/revisions\/94442"}],"wp:featuredmedia":[{"embeddable":true,"href":"https:\/\/eldiariodesanpedro.com.ar\/sitio\/wp-json\/wp\/v2\/media\/94441"}],"wp:attachment":[{"href":"https:\/\/eldiariodesanpedro.com.ar\/sitio\/wp-json\/wp\/v2\/media?parent=94440"}],"wp:term":[{"taxonomy":"category","embeddable":true,"href":"https:\/\/eldiariodesanpedro.com.ar\/sitio\/wp-json\/wp\/v2\/categories?post=94440"},{"taxonomy":"post_tag","embeddable":true,"href":"https:\/\/eldiariodesanpedro.com.ar\/sitio\/wp-json\/wp\/v2\/tags?post=94440"}],"curies":[{"name":"wp","href":"https:\/\/api.w.org\/{rel}","templated":true}]}}