{"id":94391,"date":"2021-06-19T13:04:34","date_gmt":"2021-06-19T16:04:34","guid":{"rendered":"https:\/\/eldiariodesanpedro.com.ar\/sitio\/?p=94391"},"modified":"2021-06-19T13:12:08","modified_gmt":"2021-06-19T16:12:08","slug":"fallecio-patricia-rocca-el-municipio-decreta-duelo-local","status":"publish","type":"post","link":"https:\/\/eldiariodesanpedro.com.ar\/sitio\/fallecio-patricia-rocca-el-municipio-decreta-duelo-local\/","title":{"rendered":"Falleci\u00f3 Patricia Rocca, el municipio decreta duelo local"},"content":{"rendered":"<!-- VideographyWP Plugin Message: Automatic video embedding prevented by plugin options. -->\n\n<p>El Intendente Municipal de San Pedro y su equipo de gobierno expresan sus condolencias a la familia de la Concejala Patricia Rocca ante su fallecimiento informado en el d\u00eda de hoy.<\/p>\n\n\n\n<p>Tras una larga batalla durante varios a\u00f1os contra una enfermedad terminal, en la ma\u00f1ana de hoy perdi\u00f3 la vida.<\/p>\n\n\n\n<p>Acompa\u00f1amos a todos sus familiares, seres queridos y compa\u00f1eros a lo largo de su trayectoria pol\u00edtica en la que se desempe\u00f1\u00f3 como Diputada Provincial y Concejala Municipal con dos per\u00edodos anteriores y actualmente con mandato vigente.<\/p>\n\n\n\n<p>De acuerdo a lo que establece la ordenanza correspondiente, el Intendente Municipal firmar\u00e1 el Decreto de Declaraci\u00f3n de Duelo por el d\u00eda de la fecha.<\/p>\n\n\n\n<p>(Ordenanza 5997\/2012 &#8211; R\u00e9gimen de Honores del Partido de San Pedro)<\/p>\n","protected":false},"excerpt":{"rendered":"<p>El Intendente Municipal de San Pedro y su equipo de gobierno expresan sus condolencias a la familia de la Concejala Patricia Rocca ante su fallecimiento informado en el d\u00eda de hoy. Tras una larga batalla durante varios a\u00f1os contra una enfermedad terminal, en la ma\u00f1ana de hoy perdi\u00f3 la vida. Acompa\u00f1amos a todos sus familiares, [&hellip;]<\/p>\n","protected":false},"author":4,"featured_media":94393,"comment_status":"open","ping_status":"closed","sticky":false,"template":"","format":"standard","meta":{"om_disable_all_campaigns":false,"_jetpack_memberships_contains_paid_content":false,"footnotes":""},"categories":[50,101,2],"tags":[],"class_list":["post-94391","post","type-post","status-publish","format-standard","has-post-thumbnail","hentry","category-destacadas","category-interes-general-locales","category-locales"],"aioseo_notices":[],"gutentor_comment":0,"jetpack_featured_media_url":"https:\/\/eldiariodesanpedro.com.ar\/sitio\/wp-content\/uploads\/2021\/06\/Sin-titulo-1-13.jpg","jetpack_shortlink":"https:\/\/wp.me\/p6RhLt-oyr","jetpack_sharing_enabled":true,"_links":{"self":[{"href":"https:\/\/eldiariodesanpedro.com.ar\/sitio\/wp-json\/wp\/v2\/posts\/94391","targetHints":{"allow":["GET"]}}],"collection":[{"href":"https:\/\/eldiariodesanpedro.com.ar\/sitio\/wp-json\/wp\/v2\/posts"}],"about":[{"href":"https:\/\/eldiariodesanpedro.com.ar\/sitio\/wp-json\/wp\/v2\/types\/post"}],"author":[{"embeddable":true,"href":"https:\/\/eldiariodesanpedro.com.ar\/sitio\/wp-json\/wp\/v2\/users\/4"}],"replies":[{"embeddable":true,"href":"https:\/\/eldiariodesanpedro.com.ar\/sitio\/wp-json\/wp\/v2\/comments?post=94391"}],"version-history":[{"count":2,"href":"https:\/\/eldiariodesanpedro.com.ar\/sitio\/wp-json\/wp\/v2\/posts\/94391\/revisions"}],"predecessor-version":[{"id":94397,"href":"https:\/\/eldiariodesanpedro.com.ar\/sitio\/wp-json\/wp\/v2\/posts\/94391\/revisions\/94397"}],"wp:featuredmedia":[{"embeddable":true,"href":"https:\/\/eldiariodesanpedro.com.ar\/sitio\/wp-json\/wp\/v2\/media\/94393"}],"wp:attachment":[{"href":"https:\/\/eldiariodesanpedro.com.ar\/sitio\/wp-json\/wp\/v2\/media?parent=94391"}],"wp:term":[{"taxonomy":"category","embeddable":true,"href":"https:\/\/eldiariodesanpedro.com.ar\/sitio\/wp-json\/wp\/v2\/categories?post=94391"},{"taxonomy":"post_tag","embeddable":true,"href":"https:\/\/eldiariodesanpedro.com.ar\/sitio\/wp-json\/wp\/v2\/tags?post=94391"}],"curies":[{"name":"wp","href":"https:\/\/api.w.org\/{rel}","templated":true}]}}