{"id":94386,"date":"2021-06-19T11:34:34","date_gmt":"2021-06-19T14:34:34","guid":{"rendered":"https:\/\/eldiariodesanpedro.com.ar\/sitio\/?p=94386"},"modified":"2021-06-19T19:40:45","modified_gmt":"2021-06-19T22:40:45","slug":"san-pedro-entro-en-la-zona-fria-y-podra-tener-gas-mas-barato-en-sus-hogares","status":"publish","type":"post","link":"https:\/\/eldiariodesanpedro.com.ar\/sitio\/san-pedro-entro-en-la-zona-fria-y-podra-tener-gas-mas-barato-en-sus-hogares\/","title":{"rendered":"San Pedro entr\u00f3 en la \u201czona fr\u00eda\u201d y podr\u00e1 tener gas m\u00e1s barato en sus hogares"},"content":{"rendered":"<!-- VideographyWP Plugin Message: Automatic video embedding prevented by plugin options. -->\n\n<p>La C\u00e1mara de Diputados aprob\u00f3 el proyecto de ley que ampl\u00eda el r\u00e9gimen de beneficios en las tarifas de gas que pagan usuarios residenciales que viven en localidades con bajas temperaturas. En principio, s\u00f3lo 47 distritos de la bonaerenses estaban incluidos, pero finalmente ser\u00e1n m\u00e1s de 90.<\/p>\n\n\n\n<p>En esta ampliaci\u00f3n se incluy\u00f3 a los 15 distritos de la Segunda Secci\u00f3n electoral, por lo que Arrecifes tambi\u00e9n tendr\u00e1 ese beneficio.<\/p>\n\n\n\n<p>La iniciativa que obtuvo media sanci\u00f3n beneficiar\u00e1 a m\u00e1s de 3 millones de hogares, y recibi\u00f3 190 votos afirmativos, 16 negativos y 43 abstenciones.<\/p>\n\n\n\n<p>El r\u00e9gimen de tarifas diferenciales de gas, que ya rige en la Patagonia (incluida La Pampa), en Malarg\u00fce (Mendoza) y en un sector de la Puna, otorga descuentos de entre el 30 y el 50% respecto al cuadro tarifario pleno dispuesto por ENARGAS.<\/p>\n\n\n\n<p>El proyecto, impulsado por M\u00e1ximo Kirchner, prorroga por 10 a\u00f1os el Fondo Fiduciario de Consumos Residenciales de Gas y ampl\u00eda el r\u00e9gimen abarcando localidades de Mendoza, San Juan, San Luis, Salta, C\u00f3rdoba, La Rioja, Salta, Tucum\u00e1n y Catamarca, adem\u00e1s de gran parte de los municipios de la provincia de Buenos Aires con clima fr\u00edo o templado-fr\u00edo.<\/p>\n\n\n\n<p>La C\u00e1mara de Diputados aprob\u00f3 el proyecto de ley que ampl\u00eda el r\u00e9gimen de beneficios en las tarifas de gas que pagan usuarios residenciales que viven en localidades con bajas temperaturas. En principio, s\u00f3lo 47 distritos de la bonaerenses estaban incluidos, pero finalmente ser\u00e1n m\u00e1s de 90.<\/p>\n\n\n\n<p>En esta ampliaci\u00f3n se incluy\u00f3 a los 15 distritos de la Segunda Secci\u00f3n electoral, por lo que Arrecifes tambi\u00e9n tendr\u00e1 ese beneficio.<\/p>\n\n\n\n<p>La iniciativa que obtuvo media sanci\u00f3n beneficiar\u00e1 a m\u00e1s de 3 millones de hogares, y recibi\u00f3 190 votos afirmativos, 16 negativos y 43 abstenciones.<\/p>\n\n\n\n<p>El r\u00e9gimen de tarifas diferenciales de gas, que ya rige en la Patagonia (incluida La Pampa), en Malarg\u00fce (Mendoza) y en un sector de la Puna, otorga descuentos de entre el 30 y el 50% respecto al cuadro tarifario pleno dispuesto por ENARGAS.<\/p>\n\n\n\n<p>El proyecto, impulsado por M\u00e1ximo Kirchner, prorroga por 10 a\u00f1os el Fondo Fiduciario de Consumos Residenciales de Gas y ampl\u00eda el r\u00e9gimen abarcando localidades de Mendoza, San Juan, San Luis, Salta, C\u00f3rdoba, La Rioja, Salta, Tucum\u00e1n y Catamarca, adem\u00e1s de gran parte de los municipios de la provincia de Buenos Aires con clima fr\u00edo o templado-fr\u00edo.<\/p>\n\n\n\n<p>La C\u00e1mara de Diputados aprob\u00f3 el proyecto de ley que ampl\u00eda el r\u00e9gimen de beneficios en las tarifas de gas que pagan usuarios residenciales que viven en localidades con bajas temperaturas. En principio, s\u00f3lo 47 distritos de la bonaerenses estaban incluidos, pero finalmente ser\u00e1n m\u00e1s de 90.<\/p>\n\n\n\n<p>En esta ampliaci\u00f3n se incluy\u00f3 a los 15 distritos de la Segunda Secci\u00f3n electoral, por lo que San Pedro tambi\u00e9n tendr\u00e1 ese beneficio.<\/p>\n\n\n\n<p>La iniciativa que obtuvo media sanci\u00f3n beneficiar\u00e1 a m\u00e1s de 3 millones de hogares, y recibi\u00f3 190 votos afirmativos, 16 negativos y 43 abstenciones.<\/p>\n\n\n\n<p>El r\u00e9gimen de tarifas diferenciales de gas, que ya rige en la Patagonia (incluida La Pampa), en Malarg\u00fce (Mendoza) y en un sector de la Puna, otorga descuentos de entre el 30 y el 50% respecto al cuadro tarifario pleno dispuesto por ENARGAS.<\/p>\n\n\n\n<p>El proyecto, impulsado por M\u00e1ximo Kirchner, prorroga por 10 a\u00f1os el Fondo Fiduciario de Consumos Residenciales de Gas y ampl\u00eda el r\u00e9gimen abarcando localidades de Mendoza, San Juan, San Luis, Salta, C\u00f3rdoba, La Rioja, Salta, Tucum\u00e1n y Catamarca, adem\u00e1s de gran parte de los municipios de la provincia de Buenos Aires con clima fr\u00edo o templado-fr\u00edo.<\/p>\n\n\n\n<p>La iniciativa llegaba originalmente desde la zona sur bonaerense hasta Carlos Casares. Los legisladores analizaron la propuesta y entre otras jurisdicciones incorporaron a todos los 15 partidos de la Segunda Secci\u00f3n Electoral: Arrecifes, Baradero, Capit\u00e1n Sarmiento, Carmen de Areco, Col\u00f3n, Exaltaci\u00f3n de la Cruz, Pergamino, Ramallo, Rojas, Salto, San Andr\u00e9s de Giles, San Antonio de Areco, San Nicol\u00e1s, San Pedro y Z\u00e1rate.<\/p>\n\n\n\n<p>Ahora todos ellos est\u00e1n incluidos entre aquellos alcanzados por el r\u00e9gimen de beneficios en las tarifas de gas que pagan usuarios residenciales que viven en localidades con bajas temperaturas.<\/p>\n\n\n\n<p>En concreto, seg\u00fan busca establecer el proyecto de Ley que ahora ser\u00e1 materia de an\u00e1lisis en la c\u00e1mara alta,&nbsp; los usuarios residenciales tendr\u00e1n una disminuci\u00f3n del 30% en su factura de gas.<\/p>\n\n\n\n<p><strong>DETALLES DE LA MEDIDA<\/strong><br>Los usuarios residenciales tendr\u00e1n una disminuci\u00f3n del 30% en su factura de gas.<br>El descuento ser\u00e1 de hasta 50% para:<\/p>\n\n\n\n<ul class=\"wp-block-list\"><li>Titulares de pensiones vitalicias, como los veteranos de Guerra de Malvinas.<\/li><li>Titulares de pensiones no contributivas y jubilados -hasta 4 salarios m\u00ednimos-, del monotributo social.<\/li><li>Usuarios que perciben seguro de desempleo y empleados quienes est\u00e9n exentos en el pago de ABL o tasas municipales similares<\/li><li>Beneficiarios de AUH y AUE.<\/li><\/ul>\n\n\n\n<p>PUBLICIADAD | MAS ENVIOS SAN PEDRO<\/p>\n\n\n\n<figure class=\"wp-block-image size-large\"><a href=\"https:\/\/play.google.com\/store\/apps\/details?id=es.masenvios.android106097&amp;hl=es&amp;gl=AR&amp;fbclid=IwAR3eAClc44DD5xxggy_0Rl7erwxXG-DRdznfHa_53CcfCUPcK3BRyNqBOdk\"><img decoding=\"async\" width=\"1024\" height=\"1024\" data-attachment-id=\"94404\" data-permalink=\"https:\/\/eldiariodesanpedro.com.ar\/sitio\/un-ciudadano-de-32-anos-fallecio-de-covid-en-las-ultimas-24-hs\/publicidad3\/\" data-orig-file=\"https:\/\/eldiariodesanpedro.com.ar\/sitio\/wp-content\/uploads\/2021\/06\/publicidad3.png\" data-orig-size=\"1379,1379\" data-comments-opened=\"1\" data-image-meta=\"{&quot;aperture&quot;:&quot;0&quot;,&quot;credit&quot;:&quot;&quot;,&quot;camera&quot;:&quot;&quot;,&quot;caption&quot;:&quot;&quot;,&quot;created_timestamp&quot;:&quot;0&quot;,&quot;copyright&quot;:&quot;&quot;,&quot;focal_length&quot;:&quot;0&quot;,&quot;iso&quot;:&quot;0&quot;,&quot;shutter_speed&quot;:&quot;0&quot;,&quot;title&quot;:&quot;&quot;,&quot;orientation&quot;:&quot;0&quot;}\" data-image-title=\"publicidad3\" data-image-description=\"\" data-image-caption=\"\" data-large-file=\"https:\/\/eldiariodesanpedro.com.ar\/sitio\/wp-content\/uploads\/2021\/06\/publicidad3-1024x1024.png\" data-src=\"https:\/\/eldiariodesanpedro.com.ar\/sitio\/wp-content\/uploads\/2021\/06\/publicidad3-1024x1024.png\" alt=\"\" class=\"wp-image-94404 lazyload\" data-srcset=\"https:\/\/eldiariodesanpedro.com.ar\/sitio\/wp-content\/uploads\/2021\/06\/publicidad3-1024x1024.png 1024w, https:\/\/eldiariodesanpedro.com.ar\/sitio\/wp-content\/uploads\/2021\/06\/publicidad3-300x300.png 300w, https:\/\/eldiariodesanpedro.com.ar\/sitio\/wp-content\/uploads\/2021\/06\/publicidad3-150x150.png 150w, https:\/\/eldiariodesanpedro.com.ar\/sitio\/wp-content\/uploads\/2021\/06\/publicidad3-768x768.png 768w, https:\/\/eldiariodesanpedro.com.ar\/sitio\/wp-content\/uploads\/2021\/06\/publicidad3.png 1379w\" data-sizes=\"(max-width: 1024px) 100vw, 1024px\" src=\"data:image\/svg+xml;base64,PHN2ZyB3aWR0aD0iMSIgaGVpZ2h0PSIxIiB4bWxucz0iaHR0cDovL3d3dy53My5vcmcvMjAwMC9zdmciPjwvc3ZnPg==\" style=\"--smush-placeholder-width: 1024px; --smush-placeholder-aspect-ratio: 1024\/1024;\" \/><\/a><\/figure>\n","protected":false},"excerpt":{"rendered":"<p>La C\u00e1mara de Diputados aprob\u00f3 el proyecto de ley que ampl\u00eda el r\u00e9gimen de beneficios en las tarifas de gas que pagan usuarios residenciales que viven en localidades con bajas temperaturas. En principio, s\u00f3lo 47 distritos de la bonaerenses estaban incluidos, pero finalmente ser\u00e1n m\u00e1s de 90. En esta ampliaci\u00f3n se incluy\u00f3 a los 15 [&hellip;]<\/p>\n","protected":false},"author":4,"featured_media":94387,"comment_status":"open","ping_status":"closed","sticky":false,"template":"","format":"standard","meta":{"om_disable_all_campaigns":false,"_jetpack_memberships_contains_paid_content":false,"footnotes":""},"categories":[50,101,2],"tags":[],"class_list":["post-94386","post","type-post","status-publish","format-standard","has-post-thumbnail","hentry","category-destacadas","category-interes-general-locales","category-locales"],"aioseo_notices":[],"gutentor_comment":0,"jetpack_featured_media_url":"https:\/\/eldiariodesanpedro.com.ar\/sitio\/wp-content\/uploads\/2021\/06\/2-Zona-fria-5c-1024x683-1.jpg","jetpack_shortlink":"https:\/\/wp.me\/p6RhLt-oym","jetpack_sharing_enabled":true,"_links":{"self":[{"href":"https:\/\/eldiariodesanpedro.com.ar\/sitio\/wp-json\/wp\/v2\/posts\/94386","targetHints":{"allow":["GET"]}}],"collection":[{"href":"https:\/\/eldiariodesanpedro.com.ar\/sitio\/wp-json\/wp\/v2\/posts"}],"about":[{"href":"https:\/\/eldiariodesanpedro.com.ar\/sitio\/wp-json\/wp\/v2\/types\/post"}],"author":[{"embeddable":true,"href":"https:\/\/eldiariodesanpedro.com.ar\/sitio\/wp-json\/wp\/v2\/users\/4"}],"replies":[{"embeddable":true,"href":"https:\/\/eldiariodesanpedro.com.ar\/sitio\/wp-json\/wp\/v2\/comments?post=94386"}],"version-history":[{"count":2,"href":"https:\/\/eldiariodesanpedro.com.ar\/sitio\/wp-json\/wp\/v2\/posts\/94386\/revisions"}],"predecessor-version":[{"id":94407,"href":"https:\/\/eldiariodesanpedro.com.ar\/sitio\/wp-json\/wp\/v2\/posts\/94386\/revisions\/94407"}],"wp:featuredmedia":[{"embeddable":true,"href":"https:\/\/eldiariodesanpedro.com.ar\/sitio\/wp-json\/wp\/v2\/media\/94387"}],"wp:attachment":[{"href":"https:\/\/eldiariodesanpedro.com.ar\/sitio\/wp-json\/wp\/v2\/media?parent=94386"}],"wp:term":[{"taxonomy":"category","embeddable":true,"href":"https:\/\/eldiariodesanpedro.com.ar\/sitio\/wp-json\/wp\/v2\/categories?post=94386"},{"taxonomy":"post_tag","embeddable":true,"href":"https:\/\/eldiariodesanpedro.com.ar\/sitio\/wp-json\/wp\/v2\/tags?post=94386"}],"curies":[{"name":"wp","href":"https:\/\/api.w.org\/{rel}","templated":true}]}}