{"id":94378,"date":"2021-06-19T10:25:41","date_gmt":"2021-06-19T13:25:41","guid":{"rendered":"https:\/\/eldiariodesanpedro.com.ar\/sitio\/?p=94378"},"modified":"2021-06-19T10:25:45","modified_gmt":"2021-06-19T13:25:45","slug":"planifican-operativos-de-inscripcion-y-vacunacion-en-puertos-de-la-provincia","status":"publish","type":"post","link":"https:\/\/eldiariodesanpedro.com.ar\/sitio\/planifican-operativos-de-inscripcion-y-vacunacion-en-puertos-de-la-provincia\/","title":{"rendered":"Planifican operativos de inscripci\u00f3n y vacunaci\u00f3n en Puertos de la Provincia"},"content":{"rendered":"<!-- VideographyWP Plugin Message: Automatic video embedding prevented by plugin options. -->\n\n<p>Los Ministros de Producci\u00f3n Augusto Costa y de Salud Daniel Gollan participaron de una reuni\u00f3n virtual con los presidentes de los puertos p\u00fablicos bonaerenses. El objetivo de la charla fue avanzar con un plan que incluye operativos de inscripci\u00f3n en el programa&nbsp;<strong>Buenos Aires Vacunate<\/strong>&nbsp;dentro de los puertos de la Provincia.<\/p>\n\n\n\n<p>Los Consorcios de Gesti\u00f3n Portuaria de la Provincia tienen un rol social esencial por su v\u00ednculo con las comunidades de cada regi\u00f3n y sumar nuestros puertos p\u00fablicos a la campa\u00f1a de vacunaci\u00f3n permitir\u00e1 acelerar la inscripci\u00f3n y seguir cuidando la salud de las y los bonaerenses.<\/p>\n\n\n\n<p>Desde el Puerto de San Pedro particip\u00f3 el Presidente del Consorcio Eliseo Almada, quien al igual que el resto de los funcionarios remarc\u00f3 la importancia de esta acci\u00f3n conjunta con los ministerios para inscribir y vacunar al personal que se desempe\u00f1a en nuestro medio.<\/p>\n\n\n\n<p>En los pr\u00f3ximos d\u00edas se suceder\u00e1n los pasos correspondientes para que este operativo se concrete en cada uno de los puertos p\u00fablicos de la Provincia de Buenos Aires.<\/p>\n","protected":false},"excerpt":{"rendered":"<p>Los Ministros de Producci\u00f3n Augusto Costa y de Salud Daniel Gollan participaron de una reuni\u00f3n virtual con los presidentes de los puertos p\u00fablicos bonaerenses. El objetivo de la charla fue avanzar con un plan que incluye operativos de inscripci\u00f3n en el programa&nbsp;Buenos Aires Vacunate&nbsp;dentro de los puertos de la Provincia. Los Consorcios de Gesti\u00f3n Portuaria [&hellip;]<\/p>\n","protected":false},"author":4,"featured_media":94379,"comment_status":"open","ping_status":"closed","sticky":false,"template":"","format":"standard","meta":{"om_disable_all_campaigns":false,"_jetpack_memberships_contains_paid_content":false,"footnotes":""},"categories":[50,101,2],"tags":[],"class_list":["post-94378","post","type-post","status-publish","format-standard","has-post-thumbnail","hentry","category-destacadas","category-interes-general-locales","category-locales"],"aioseo_notices":[],"gutentor_comment":0,"jetpack_featured_media_url":"https:\/\/eldiariodesanpedro.com.ar\/sitio\/wp-content\/uploads\/2021\/06\/puertos.png","jetpack_shortlink":"https:\/\/wp.me\/p6RhLt-oye","jetpack_sharing_enabled":true,"_links":{"self":[{"href":"https:\/\/eldiariodesanpedro.com.ar\/sitio\/wp-json\/wp\/v2\/posts\/94378","targetHints":{"allow":["GET"]}}],"collection":[{"href":"https:\/\/eldiariodesanpedro.com.ar\/sitio\/wp-json\/wp\/v2\/posts"}],"about":[{"href":"https:\/\/eldiariodesanpedro.com.ar\/sitio\/wp-json\/wp\/v2\/types\/post"}],"author":[{"embeddable":true,"href":"https:\/\/eldiariodesanpedro.com.ar\/sitio\/wp-json\/wp\/v2\/users\/4"}],"replies":[{"embeddable":true,"href":"https:\/\/eldiariodesanpedro.com.ar\/sitio\/wp-json\/wp\/v2\/comments?post=94378"}],"version-history":[{"count":1,"href":"https:\/\/eldiariodesanpedro.com.ar\/sitio\/wp-json\/wp\/v2\/posts\/94378\/revisions"}],"predecessor-version":[{"id":94380,"href":"https:\/\/eldiariodesanpedro.com.ar\/sitio\/wp-json\/wp\/v2\/posts\/94378\/revisions\/94380"}],"wp:featuredmedia":[{"embeddable":true,"href":"https:\/\/eldiariodesanpedro.com.ar\/sitio\/wp-json\/wp\/v2\/media\/94379"}],"wp:attachment":[{"href":"https:\/\/eldiariodesanpedro.com.ar\/sitio\/wp-json\/wp\/v2\/media?parent=94378"}],"wp:term":[{"taxonomy":"category","embeddable":true,"href":"https:\/\/eldiariodesanpedro.com.ar\/sitio\/wp-json\/wp\/v2\/categories?post=94378"},{"taxonomy":"post_tag","embeddable":true,"href":"https:\/\/eldiariodesanpedro.com.ar\/sitio\/wp-json\/wp\/v2\/tags?post=94378"}],"curies":[{"name":"wp","href":"https:\/\/api.w.org\/{rel}","templated":true}]}}