{"id":94374,"date":"2021-06-18T13:10:52","date_gmt":"2021-06-18T16:10:52","guid":{"rendered":"https:\/\/eldiariodesanpedro.com.ar\/sitio\/?p=94374"},"modified":"2021-06-18T13:10:58","modified_gmt":"2021-06-18T16:10:58","slug":"vacunacion-libre-sin-turnos-en-la-provincia-para-mayores-de-55-anos-a-partir-de-manana-sabado","status":"publish","type":"post","link":"https:\/\/eldiariodesanpedro.com.ar\/sitio\/vacunacion-libre-sin-turnos-en-la-provincia-para-mayores-de-55-anos-a-partir-de-manana-sabado\/","title":{"rendered":"Vacunaci\u00f3n libre \u00absin turnos\u00bb en la Provincia para mayores de 55 a\u00f1os a partir de ma\u00f1ana sabado"},"content":{"rendered":"<!-- VideographyWP Plugin Message: Automatic video embedding prevented by plugin options. -->\n\n<p>El Gobierno bonaerense anunci\u00f3 que desde este s\u00e1bado habr\u00e1 vacunaci\u00f3n libre para mayores de 55 a\u00f1os.<\/p>\n\n\n\n<p>El gobierno de la provincia de Buenos Aires anunci\u00f3 m\u00e1s avances en la\u00a0<strong>campa\u00f1a de vacunaci\u00f3n<\/strong>\u00a0y a partir del s\u00e1bado 19 de junio los mayores de 55 a\u00f1os podr\u00e1n acceder a la primera dosis sin turno. De esta manera, avanza la inmunizaci\u00f3n a los bonaerenses en el ingreso a la temporada invernal.<\/p>\n\n\n\n<p>El gobernador\u00a0<strong>Axel Kicillof<\/strong>\u00a0anunci\u00f3 que\u00a0las personas mayores de 55 a\u00f1os que residen en territorio bonaerense podr\u00e1n acceder a la vacuna contra el\u00a0<strong>coronavirus<\/strong>\u00a0sin turno y con la presentaci\u00f3n del DNI desde este s\u00e1bado.<\/p>\n\n\n\n<p>Al mismo tiempo, dio a conocer que se est\u00e1n inoculando a personas mayores de 40 sin enfermedades preexistentes. Adem\u00e1s, asegur\u00f3 que en los pr\u00f3ximos d\u00edas brindar\u00e1 un mill\u00f3n y medio de turnos con el objetivo de cubrir a toda la poblaci\u00f3n de riesgo.<\/p>\n\n\n\n<p>Al respecto, Kicillof manifest\u00f3 que \u00abestamos lanzando en los pr\u00f3ximos diez d\u00edas un mill\u00f3n y medio de turnos en la\u00a0<strong>provincia<\/strong>\u00a0de Buenos Aires\u00bb. El anuncio fue realizado en un acto en el cual se entregaban viviendas en la localidad de Ranchos.<\/p>\n\n\n\n<p>\u00abVamos a cubrir a toda la poblaci\u00f3n priorizada de la provincia de Buenos Aires\u00bb, sostuvo y a\u00f1adi\u00f3 que \u00abvamos a llegar a vacunar a seis millones de bonaerenses. Es un avance gigantezco\u00bb, expres\u00f3 el Gobernador bonaerense.<\/p>\n\n\n\n<p>M\u00e1s adelante, detall\u00f3 que&nbsp;\u00aba partir de ma\u00f1ana en la provincia de Buenos Aires, cualquiera que tenga m\u00e1s de 55 a\u00f1os puede acceder a la vacuna libre. Se acerca a cualquiera de nuestros vacunatorios, lleva su DNI y ser\u00e1 vacunado en los 135 municipios\u00bb<\/p>\n\n\n\n<p>Finalmente, Kicillof expres\u00f3 que \u00abtrataron de inyectarnos desesperanza, miedo, odio y respondemos con m\u00e1s trabajo, m\u00e1s vacunas, m\u00e1s amor y llegando a todo el pueblo de la provincia de Buenos Aires\u00bb.<\/p>\n\n\n\n<p>Al comienzo del la jornada, el Gobierno bonaerense envi\u00f3 casi 360 mil turnos para la vacunaci\u00f3n contra el coronavirus. El total de vacunas aplicadas hasta el momento en territorio bonaerense llega a 6.418.657, de las cuales 5.175.100 correspondientes a la primera dosis y 1.243.557 a la segunda. Al d\u00eda de hoy, 9.293.677 bonaerenses se anotaron para recibir la vacuna contra el coronavirus en <a href=\"https:\/\/vacunatepba.gba.gob.ar\/\">https:\/\/vacunatepba.gba.gob.ar\/<\/a>.<\/p>\n\n\n\n<p>Fuente: Infocielo<\/p>\n","protected":false},"excerpt":{"rendered":"<p>El Gobierno bonaerense anunci\u00f3 que desde este s\u00e1bado habr\u00e1 vacunaci\u00f3n libre para mayores de 55 a\u00f1os. El gobierno de la provincia de Buenos Aires anunci\u00f3 m\u00e1s avances en la\u00a0campa\u00f1a de vacunaci\u00f3n\u00a0y a partir del s\u00e1bado 19 de junio los mayores de 55 a\u00f1os podr\u00e1n acceder a la primera dosis sin turno. De esta manera, avanza [&hellip;]<\/p>\n","protected":false},"author":4,"featured_media":94375,"comment_status":"open","ping_status":"closed","sticky":false,"template":"","format":"standard","meta":{"om_disable_all_campaigns":false,"_jetpack_memberships_contains_paid_content":false,"footnotes":""},"categories":[2],"tags":[],"class_list":["post-94374","post","type-post","status-publish","format-standard","has-post-thumbnail","hentry","category-locales"],"aioseo_notices":[],"gutentor_comment":0,"jetpack_featured_media_url":"https:\/\/eldiariodesanpedro.com.ar\/sitio\/wp-content\/uploads\/2021\/06\/vacunacionjpg.jpg","jetpack_shortlink":"https:\/\/wp.me\/p6RhLt-oya","jetpack_sharing_enabled":true,"_links":{"self":[{"href":"https:\/\/eldiariodesanpedro.com.ar\/sitio\/wp-json\/wp\/v2\/posts\/94374","targetHints":{"allow":["GET"]}}],"collection":[{"href":"https:\/\/eldiariodesanpedro.com.ar\/sitio\/wp-json\/wp\/v2\/posts"}],"about":[{"href":"https:\/\/eldiariodesanpedro.com.ar\/sitio\/wp-json\/wp\/v2\/types\/post"}],"author":[{"embeddable":true,"href":"https:\/\/eldiariodesanpedro.com.ar\/sitio\/wp-json\/wp\/v2\/users\/4"}],"replies":[{"embeddable":true,"href":"https:\/\/eldiariodesanpedro.com.ar\/sitio\/wp-json\/wp\/v2\/comments?post=94374"}],"version-history":[{"count":1,"href":"https:\/\/eldiariodesanpedro.com.ar\/sitio\/wp-json\/wp\/v2\/posts\/94374\/revisions"}],"predecessor-version":[{"id":94376,"href":"https:\/\/eldiariodesanpedro.com.ar\/sitio\/wp-json\/wp\/v2\/posts\/94374\/revisions\/94376"}],"wp:featuredmedia":[{"embeddable":true,"href":"https:\/\/eldiariodesanpedro.com.ar\/sitio\/wp-json\/wp\/v2\/media\/94375"}],"wp:attachment":[{"href":"https:\/\/eldiariodesanpedro.com.ar\/sitio\/wp-json\/wp\/v2\/media?parent=94374"}],"wp:term":[{"taxonomy":"category","embeddable":true,"href":"https:\/\/eldiariodesanpedro.com.ar\/sitio\/wp-json\/wp\/v2\/categories?post=94374"},{"taxonomy":"post_tag","embeddable":true,"href":"https:\/\/eldiariodesanpedro.com.ar\/sitio\/wp-json\/wp\/v2\/tags?post=94374"}],"curies":[{"name":"wp","href":"https:\/\/api.w.org\/{rel}","templated":true}]}}