{"id":94364,"date":"2021-06-18T11:05:36","date_gmt":"2021-06-18T14:05:36","guid":{"rendered":"https:\/\/eldiariodesanpedro.com.ar\/sitio\/?p=94364"},"modified":"2021-06-18T11:05:41","modified_gmt":"2021-06-18T14:05:41","slug":"denuncia-por-robo-de-una-motocicleta-estacionada-en-la-via-publica","status":"publish","type":"post","link":"https:\/\/eldiariodesanpedro.com.ar\/sitio\/denuncia-por-robo-de-una-motocicleta-estacionada-en-la-via-publica\/","title":{"rendered":"Denuncia por robo de una motocicleta estacionada en la v\u00eda p\u00fablica"},"content":{"rendered":"<!-- VideographyWP Plugin Message: Automatic video embedding prevented by plugin options. -->\n\n<p>En la jornada de ayer denunci\u00f3 femenina de 50 a\u00f1os de edad, que siendo aproximadamente las veintitr\u00e9s horas, deja su motocicleta 110 cc sin medidas de seguridad, estacionada vereda de Benefactora Sampedrina y Casella y al egresar constata que autores ignorados se la habr\u00edan sustra\u00eddo.<\/p>\n","protected":false},"excerpt":{"rendered":"<p>En la jornada de ayer denunci\u00f3 femenina de 50 a\u00f1os de edad, que siendo aproximadamente las veintitr\u00e9s horas, deja su motocicleta 110 cc sin medidas de seguridad, estacionada vereda de Benefactora Sampedrina y Casella y al egresar constata que autores ignorados se la habr\u00edan sustra\u00eddo.<\/p>\n","protected":false},"author":4,"featured_media":45394,"comment_status":"open","ping_status":"closed","sticky":false,"template":"","format":"standard","meta":{"om_disable_all_campaigns":false,"_jetpack_memberships_contains_paid_content":false,"footnotes":""},"categories":[2,103],"tags":[],"class_list":["post-94364","post","type-post","status-publish","format-standard","has-post-thumbnail","hentry","category-locales","category-policiales-locales"],"aioseo_notices":[],"gutentor_comment":0,"jetpack_featured_media_url":"https:\/\/eldiariodesanpedro.com.ar\/sitio\/wp-content\/uploads\/2019\/01\/comisaria.jpg","jetpack_shortlink":"https:\/\/wp.me\/p6RhLt-oy0","jetpack_sharing_enabled":true,"_links":{"self":[{"href":"https:\/\/eldiariodesanpedro.com.ar\/sitio\/wp-json\/wp\/v2\/posts\/94364","targetHints":{"allow":["GET"]}}],"collection":[{"href":"https:\/\/eldiariodesanpedro.com.ar\/sitio\/wp-json\/wp\/v2\/posts"}],"about":[{"href":"https:\/\/eldiariodesanpedro.com.ar\/sitio\/wp-json\/wp\/v2\/types\/post"}],"author":[{"embeddable":true,"href":"https:\/\/eldiariodesanpedro.com.ar\/sitio\/wp-json\/wp\/v2\/users\/4"}],"replies":[{"embeddable":true,"href":"https:\/\/eldiariodesanpedro.com.ar\/sitio\/wp-json\/wp\/v2\/comments?post=94364"}],"version-history":[{"count":1,"href":"https:\/\/eldiariodesanpedro.com.ar\/sitio\/wp-json\/wp\/v2\/posts\/94364\/revisions"}],"predecessor-version":[{"id":94365,"href":"https:\/\/eldiariodesanpedro.com.ar\/sitio\/wp-json\/wp\/v2\/posts\/94364\/revisions\/94365"}],"wp:featuredmedia":[{"embeddable":true,"href":"https:\/\/eldiariodesanpedro.com.ar\/sitio\/wp-json\/wp\/v2\/media\/45394"}],"wp:attachment":[{"href":"https:\/\/eldiariodesanpedro.com.ar\/sitio\/wp-json\/wp\/v2\/media?parent=94364"}],"wp:term":[{"taxonomy":"category","embeddable":true,"href":"https:\/\/eldiariodesanpedro.com.ar\/sitio\/wp-json\/wp\/v2\/categories?post=94364"},{"taxonomy":"post_tag","embeddable":true,"href":"https:\/\/eldiariodesanpedro.com.ar\/sitio\/wp-json\/wp\/v2\/tags?post=94364"}],"curies":[{"name":"wp","href":"https:\/\/api.w.org\/{rel}","templated":true}]}}