{"id":94362,"date":"2021-06-18T11:02:30","date_gmt":"2021-06-18T14:02:30","guid":{"rendered":"https:\/\/eldiariodesanpedro.com.ar\/sitio\/?p=94362"},"modified":"2021-06-18T11:02:34","modified_gmt":"2021-06-18T14:02:34","slug":"cinco-aprehendidos-por-tenencia-de-estupefacientes-de-infimo-pesaje-en-la-via-publica","status":"publish","type":"post","link":"https:\/\/eldiariodesanpedro.com.ar\/sitio\/cinco-aprehendidos-por-tenencia-de-estupefacientes-de-infimo-pesaje-en-la-via-publica\/","title":{"rendered":"Cinco aprehendidos por tenencia de estupefacientes de \u00ednfimo pesaje en la v\u00eda p\u00fablica"},"content":{"rendered":"<!-- VideographyWP Plugin Message: Automatic video embedding prevented by plugin options. -->\n\n<p>El d\u00eda de ayer personal policial de la comisar\u00eda realiz\u00f3 cinco procedimientos similares en los cuales se traslad\u00f3 en distintos horarios y lugares de la ciudad, a cinco masculinos mayores de edad, a quienes se les secuestr\u00f3 en su poder sustancia marihuana, en \u00ednfimo pesaje.&nbsp;<\/p>\n\n\n\n<p>Se iniciaron actuaciones por el delito mencionado, con intervenci\u00f3n de la fiscal\u00eda local en turno. Respecto de los causantes se cumplieron recaudos legales.<\/p>\n","protected":false},"excerpt":{"rendered":"<p>El d\u00eda de ayer personal policial de la comisar\u00eda realiz\u00f3 cinco procedimientos similares en los cuales se traslad\u00f3 en distintos horarios y lugares de la ciudad, a cinco masculinos mayores de edad, a quienes se les secuestr\u00f3 en su poder sustancia marihuana, en \u00ednfimo pesaje.&nbsp; Se iniciaron actuaciones por el delito mencionado, con intervenci\u00f3n de [&hellip;]<\/p>\n","protected":false},"author":4,"featured_media":68206,"comment_status":"open","ping_status":"closed","sticky":false,"template":"","format":"standard","meta":{"om_disable_all_campaigns":false,"_jetpack_memberships_contains_paid_content":false,"footnotes":""},"categories":[2,103],"tags":[],"class_list":["post-94362","post","type-post","status-publish","format-standard","has-post-thumbnail","hentry","category-locales","category-policiales-locales"],"aioseo_notices":[],"gutentor_comment":0,"jetpack_featured_media_url":"https:\/\/eldiariodesanpedro.com.ar\/sitio\/wp-content\/uploads\/2020\/02\/SUJETOS-DETENIDOS.jpg","jetpack_shortlink":"https:\/\/wp.me\/p6RhLt-oxY","jetpack_sharing_enabled":true,"_links":{"self":[{"href":"https:\/\/eldiariodesanpedro.com.ar\/sitio\/wp-json\/wp\/v2\/posts\/94362","targetHints":{"allow":["GET"]}}],"collection":[{"href":"https:\/\/eldiariodesanpedro.com.ar\/sitio\/wp-json\/wp\/v2\/posts"}],"about":[{"href":"https:\/\/eldiariodesanpedro.com.ar\/sitio\/wp-json\/wp\/v2\/types\/post"}],"author":[{"embeddable":true,"href":"https:\/\/eldiariodesanpedro.com.ar\/sitio\/wp-json\/wp\/v2\/users\/4"}],"replies":[{"embeddable":true,"href":"https:\/\/eldiariodesanpedro.com.ar\/sitio\/wp-json\/wp\/v2\/comments?post=94362"}],"version-history":[{"count":1,"href":"https:\/\/eldiariodesanpedro.com.ar\/sitio\/wp-json\/wp\/v2\/posts\/94362\/revisions"}],"predecessor-version":[{"id":94363,"href":"https:\/\/eldiariodesanpedro.com.ar\/sitio\/wp-json\/wp\/v2\/posts\/94362\/revisions\/94363"}],"wp:featuredmedia":[{"embeddable":true,"href":"https:\/\/eldiariodesanpedro.com.ar\/sitio\/wp-json\/wp\/v2\/media\/68206"}],"wp:attachment":[{"href":"https:\/\/eldiariodesanpedro.com.ar\/sitio\/wp-json\/wp\/v2\/media?parent=94362"}],"wp:term":[{"taxonomy":"category","embeddable":true,"href":"https:\/\/eldiariodesanpedro.com.ar\/sitio\/wp-json\/wp\/v2\/categories?post=94362"},{"taxonomy":"post_tag","embeddable":true,"href":"https:\/\/eldiariodesanpedro.com.ar\/sitio\/wp-json\/wp\/v2\/tags?post=94362"}],"curies":[{"name":"wp","href":"https:\/\/api.w.org\/{rel}","templated":true}]}}