{"id":94360,"date":"2021-06-18T11:13:55","date_gmt":"2021-06-18T14:13:55","guid":{"rendered":"https:\/\/eldiariodesanpedro.com.ar\/sitio\/?p=94360"},"modified":"2021-06-18T11:14:00","modified_gmt":"2021-06-18T14:14:00","slug":"un-hombre-detenido-por-un-caso-de-abigeato-ocurrido-en-2019","status":"publish","type":"post","link":"https:\/\/eldiariodesanpedro.com.ar\/sitio\/un-hombre-detenido-por-un-caso-de-abigeato-ocurrido-en-2019\/","title":{"rendered":"Un hombre detenido por un caso de abigeato ocurrido en 2019"},"content":{"rendered":"<!-- VideographyWP Plugin Message: Automatic video embedding prevented by plugin options. -->\n\n<p>En la tarde de ayer, el personal policial del gabinete criminol\u00f3gico de la comisar\u00eda. diligencio orden de detenci\u00f3n expedida por el Juzgado de Ejecuci\u00f3n Penal de San Nicol\u00e1s.&nbsp;<\/p>\n\n\n\n<p>La medida tuvo lugar en un domicilio particular ubicado Anibal de Anton y Bvard Paran\u00e1, donde efectiviz\u00f3 la detecci\u00f3n de masculino de 38 a\u00f1os de edad, con m\u00faltiples antecedentes. La causa inicial por la que fue imputado es \u201cAbigeato Agravado En San Pedro\u201d con sentencia firme del a\u00f1o 2019 habiendo estado detenido oportunamente,&nbsp; ahora deber\u00e1 purgar el resto de condena impuesta por la justicia ordinaria, por lo cual ser\u00e1 trasladado a unidad carcelaria en los pr\u00f3ximos d\u00edas.<\/p>\n","protected":false},"excerpt":{"rendered":"<p>En la tarde de ayer, el personal policial del gabinete criminol\u00f3gico de la comisar\u00eda. diligencio orden de detenci\u00f3n expedida por el Juzgado de Ejecuci\u00f3n Penal de San Nicol\u00e1s.&nbsp; La medida tuvo lugar en un domicilio particular ubicado Anibal de Anton y Bvard Paran\u00e1, donde efectiviz\u00f3 la detecci\u00f3n de masculino de 38 a\u00f1os de edad, con [&hellip;]<\/p>\n","protected":false},"author":4,"featured_media":94370,"comment_status":"open","ping_status":"closed","sticky":false,"template":"","format":"standard","meta":{"om_disable_all_campaigns":false,"_jetpack_memberships_contains_paid_content":false,"footnotes":""},"categories":[50,2,103],"tags":[],"class_list":["post-94360","post","type-post","status-publish","format-standard","has-post-thumbnail","hentry","category-destacadas","category-locales","category-policiales-locales"],"aioseo_notices":[],"gutentor_comment":0,"jetpack_featured_media_url":"https:\/\/eldiariodesanpedro.com.ar\/sitio\/wp-content\/uploads\/2021\/06\/WhatsApp-Image-2021-06-18-at-10.59.36.jpeg","jetpack_shortlink":"https:\/\/wp.me\/p6RhLt-oxW","jetpack_sharing_enabled":true,"_links":{"self":[{"href":"https:\/\/eldiariodesanpedro.com.ar\/sitio\/wp-json\/wp\/v2\/posts\/94360","targetHints":{"allow":["GET"]}}],"collection":[{"href":"https:\/\/eldiariodesanpedro.com.ar\/sitio\/wp-json\/wp\/v2\/posts"}],"about":[{"href":"https:\/\/eldiariodesanpedro.com.ar\/sitio\/wp-json\/wp\/v2\/types\/post"}],"author":[{"embeddable":true,"href":"https:\/\/eldiariodesanpedro.com.ar\/sitio\/wp-json\/wp\/v2\/users\/4"}],"replies":[{"embeddable":true,"href":"https:\/\/eldiariodesanpedro.com.ar\/sitio\/wp-json\/wp\/v2\/comments?post=94360"}],"version-history":[{"count":2,"href":"https:\/\/eldiariodesanpedro.com.ar\/sitio\/wp-json\/wp\/v2\/posts\/94360\/revisions"}],"predecessor-version":[{"id":94371,"href":"https:\/\/eldiariodesanpedro.com.ar\/sitio\/wp-json\/wp\/v2\/posts\/94360\/revisions\/94371"}],"wp:featuredmedia":[{"embeddable":true,"href":"https:\/\/eldiariodesanpedro.com.ar\/sitio\/wp-json\/wp\/v2\/media\/94370"}],"wp:attachment":[{"href":"https:\/\/eldiariodesanpedro.com.ar\/sitio\/wp-json\/wp\/v2\/media?parent=94360"}],"wp:term":[{"taxonomy":"category","embeddable":true,"href":"https:\/\/eldiariodesanpedro.com.ar\/sitio\/wp-json\/wp\/v2\/categories?post=94360"},{"taxonomy":"post_tag","embeddable":true,"href":"https:\/\/eldiariodesanpedro.com.ar\/sitio\/wp-json\/wp\/v2\/tags?post=94360"}],"curies":[{"name":"wp","href":"https:\/\/api.w.org\/{rel}","templated":true}]}}