{"id":94351,"date":"2021-06-18T10:16:26","date_gmt":"2021-06-18T13:16:26","guid":{"rendered":"https:\/\/eldiariodesanpedro.com.ar\/sitio\/?p=94351"},"modified":"2021-06-18T10:16:31","modified_gmt":"2021-06-18T13:16:31","slug":"dr-creus-esta-semana-estamos-en-los-650-casos","status":"publish","type":"post","link":"https:\/\/eldiariodesanpedro.com.ar\/sitio\/dr-creus-esta-semana-estamos-en-los-650-casos\/","title":{"rendered":"Dr. Creus: \u201cesta semana estamos en los 650 casos\u201d"},"content":{"rendered":"<!-- VideographyWP Plugin Message: Automatic video embedding prevented by plugin options. -->\n\n<p>El Secretario de Salud habl\u00f3 en FM G\u00e9nesis y brind\u00f3 detalles de la situaci\u00f3n sanitaria de la ciudad y los n\u00fameros reales de casos positivos. Resalt\u00f3 que la situaci\u00f3n en la ciudad viene mejorando.<\/p>\n\n\n\n<p>Despu\u00e9s de la cr\u00edtica circunstancia que atraves\u00f3 la ciudad hace poco m\u00e1s de un mes, con un alto promedio de contagios y una preocupante tasa de mortalidad, la situaci\u00f3n sanitaria va mejorando lentamente. De todos modos la pandemia no est\u00e1 superada y las recomendaciones siguen latentes como la permanencia de la ciudad en la Fase 2.<\/p>\n\n\n\n<p>El Dr. Daniel Creus, Secretario de Salud, fue entrevistado en el aire de FM G\u00e9nesis, donde se refiri\u00f3 a la actual situaci\u00f3n sanitaria en la ciudad.<\/p>\n\n\n\n<p>\u201cEn una curva de incidencia por casos, que es la \u00faltima t\u00e9cnica que se tom\u00f3 desde enero, son casos cada 100 mil habitantes y en los \u00faltimos 14 d\u00edas hemos estado arriba de los 1000 casos diagnosticados, pero se proyect\u00f3 a la poblaci\u00f3n de San Pedro a 100 mil habitantes\u201d.<\/p>\n\n\n\n<p>\u201cEs para homogenizar un dato en las distintas poblaciones, as\u00ed se usa en la medicina\u201d, explic\u00f3. &nbsp;\u201cLa semana pasada bajamos a 700 y esta semana estamos en los 650 casos cada 100 mil habitantes\u201d.<\/p>\n\n\n\n<p>\u201cEs el \u00edndice que toma provincia y naci\u00f3n para decidir los cambios de fase, cuando eso baje de 500 casos estar\u00edamos habilitados para volver a fase 3\u201d.<\/p>\n\n\n\n<p>\u201cSon dos los \u00edndices, el de incidencia, que son los casos en los \u00faltimos 14 d\u00edas, la divisi\u00f3n de ese valor dividido el n\u00famero de los 14 d\u00edas anteriores\u201d.<\/p>\n\n\n\n<p>\u201cEn eso estamos muy bien, eso nos va diciendo como viaja la curva. Estuvimos muy mal pero estamos descendiendo\u201d, afirm\u00f3.<\/p>\n\n\n\n<p>\u201cLa esperanza es que sigamos as\u00ed y estemos en las medidas de febrero y marzo\u201d.<\/p>\n\n\n\n<p>Con respecto a los valores diarios y los n\u00fameros que refleja la Secretar\u00eda de Salud, que no incluye los an\u00e1lisis que se realizan en los establecimientos privados, el Dr. Daniel Creus, se\u00f1al\u00f3: \u201cLos resultados de los establecimientos privados no mueven mucho la situaci\u00f3n, el gruesos de los casos est\u00e1n en el consultorio amarillo\u201d.<\/p>\n\n\n\n<p>Fuente: <a href=\"https:\/\/www.sanpedroinforma.com.ar\/nota\/124254\/sociedad\/dr-creus-esta-semana-estamos-en-los-650-casos.html\">San Pedro informa<\/a><\/p>\n","protected":false},"excerpt":{"rendered":"<p>El Secretario de Salud habl\u00f3 en FM G\u00e9nesis y brind\u00f3 detalles de la situaci\u00f3n sanitaria de la ciudad y los n\u00fameros reales de casos positivos. Resalt\u00f3 que la situaci\u00f3n en la ciudad viene mejorando. Despu\u00e9s de la cr\u00edtica circunstancia que atraves\u00f3 la ciudad hace poco m\u00e1s de un mes, con un alto promedio de contagios [&hellip;]<\/p>\n","protected":false},"author":4,"featured_media":94352,"comment_status":"open","ping_status":"closed","sticky":false,"template":"","format":"standard","meta":{"om_disable_all_campaigns":false,"_jetpack_memberships_contains_paid_content":false,"footnotes":""},"categories":[50,101,2],"tags":[],"class_list":["post-94351","post","type-post","status-publish","format-standard","has-post-thumbnail","hentry","category-destacadas","category-interes-general-locales","category-locales"],"aioseo_notices":[],"gutentor_comment":0,"jetpack_featured_media_url":"https:\/\/eldiariodesanpedro.com.ar\/sitio\/wp-content\/uploads\/2021\/06\/000092026.jpg","jetpack_shortlink":"https:\/\/wp.me\/p6RhLt-oxN","jetpack_sharing_enabled":true,"_links":{"self":[{"href":"https:\/\/eldiariodesanpedro.com.ar\/sitio\/wp-json\/wp\/v2\/posts\/94351","targetHints":{"allow":["GET"]}}],"collection":[{"href":"https:\/\/eldiariodesanpedro.com.ar\/sitio\/wp-json\/wp\/v2\/posts"}],"about":[{"href":"https:\/\/eldiariodesanpedro.com.ar\/sitio\/wp-json\/wp\/v2\/types\/post"}],"author":[{"embeddable":true,"href":"https:\/\/eldiariodesanpedro.com.ar\/sitio\/wp-json\/wp\/v2\/users\/4"}],"replies":[{"embeddable":true,"href":"https:\/\/eldiariodesanpedro.com.ar\/sitio\/wp-json\/wp\/v2\/comments?post=94351"}],"version-history":[{"count":1,"href":"https:\/\/eldiariodesanpedro.com.ar\/sitio\/wp-json\/wp\/v2\/posts\/94351\/revisions"}],"predecessor-version":[{"id":94353,"href":"https:\/\/eldiariodesanpedro.com.ar\/sitio\/wp-json\/wp\/v2\/posts\/94351\/revisions\/94353"}],"wp:featuredmedia":[{"embeddable":true,"href":"https:\/\/eldiariodesanpedro.com.ar\/sitio\/wp-json\/wp\/v2\/media\/94352"}],"wp:attachment":[{"href":"https:\/\/eldiariodesanpedro.com.ar\/sitio\/wp-json\/wp\/v2\/media?parent=94351"}],"wp:term":[{"taxonomy":"category","embeddable":true,"href":"https:\/\/eldiariodesanpedro.com.ar\/sitio\/wp-json\/wp\/v2\/categories?post=94351"},{"taxonomy":"post_tag","embeddable":true,"href":"https:\/\/eldiariodesanpedro.com.ar\/sitio\/wp-json\/wp\/v2\/tags?post=94351"}],"curies":[{"name":"wp","href":"https:\/\/api.w.org\/{rel}","templated":true}]}}