{"id":94346,"date":"2021-06-17T19:51:53","date_gmt":"2021-06-17T22:51:53","guid":{"rendered":"https:\/\/eldiariodesanpedro.com.ar\/sitio\/?p=94346"},"modified":"2021-06-17T19:51:57","modified_gmt":"2021-06-17T22:51:57","slug":"pagaran-un-bono-extraordinario-de-6-mil-para-titulares-del-programa-potenciar-trabajo","status":"publish","type":"post","link":"https:\/\/eldiariodesanpedro.com.ar\/sitio\/pagaran-un-bono-extraordinario-de-6-mil-para-titulares-del-programa-potenciar-trabajo\/","title":{"rendered":"Pagar\u00e1n un bono extraordinario de $6 mil para titulares del Programa Potenciar Trabajo"},"content":{"rendered":"<!-- VideographyWP Plugin Message: Automatic video embedding prevented by plugin options. -->\n\n<p><strong>El ministro de Desarrollo Social de la Naci\u00f3n, Daniel Arroyo, anunci\u00f3 que se otorgar\u00e1 un plus en el mes de julio para todas y todos los titulares del programa.<\/strong>El ministro de Desarrollo Social, Daniel Arroyo, confirm\u00f3 este jueves que se otorgar\u00e1 un bono extraordinario de 6000 pesos para todas y todos los titulares del programa Potenciar Trabajo, que se acreditar\u00e1 en el mes de julio.<\/p>\n\n\n\n<p>\u201cVamos a otorgar un bono extraordinario de mitad de a\u00f1o a cerca de un mill\u00f3n de personas que forman parte del programa Potenciar Trabajo, con el objetivo de sostener sus ingresos e inyectar dinero que promueva el consumo a nivel local\u201d, explic\u00f3 el ministro.<\/p>\n\n\n\n<p>En ese marco, Arroyo explic\u00f3 que \u201cdesde el Gobierno nacional vamos analizando de forma permanente la situaci\u00f3n social y este bono se suma a la ampliaci\u00f3n de la tarjeta Alimentar que efectivizamos el a\u00f1o pasado, siempre con el objetivo de llegar a quienes m\u00e1s lo necesitan, como se\u00f1ala el presidente Alberto Fern\u00e1ndez\u201d.<\/p>\n\n\n\n<p>El Programa Nacional de Inclusi\u00f3n Socioproductiva y Desarrollo Local \u201cPotenciar Trabajo\u201d incluye a cerca de un mill\u00f3n de personas y tiene como objetivo contribuir a mejorar el empleo y generar nuevas propuestas productivas a trav\u00e9s del desarrollo de proyectos socio-productivos, socio-comunitarios, socio-laborales y la terminalidad educativa, con el fin de promover la inclusi\u00f3n social plena para personas que se encuentren en situaci\u00f3n de vulnerabilidad social y econ\u00f3mica.<\/p>\n","protected":false},"excerpt":{"rendered":"<p>El ministro de Desarrollo Social de la Naci\u00f3n, Daniel Arroyo, anunci\u00f3 que se otorgar\u00e1 un plus en el mes de julio para todas y todos los titulares del programa.El ministro de Desarrollo Social, Daniel Arroyo, confirm\u00f3 este jueves que se otorgar\u00e1 un bono extraordinario de 6000 pesos para todas y todos los titulares del programa [&hellip;]<\/p>\n","protected":false},"author":4,"featured_media":94347,"comment_status":"open","ping_status":"closed","sticky":false,"template":"","format":"standard","meta":{"om_disable_all_campaigns":false,"_jetpack_memberships_contains_paid_content":false,"footnotes":""},"categories":[621],"tags":[],"class_list":["post-94346","post","type-post","status-publish","format-standard","has-post-thumbnail","hentry","category-regionales"],"aioseo_notices":[],"gutentor_comment":0,"jetpack_featured_media_url":"https:\/\/eldiariodesanpedro.com.ar\/sitio\/wp-content\/uploads\/2021\/06\/bono.jpg","jetpack_shortlink":"https:\/\/wp.me\/p6RhLt-oxI","jetpack_sharing_enabled":true,"_links":{"self":[{"href":"https:\/\/eldiariodesanpedro.com.ar\/sitio\/wp-json\/wp\/v2\/posts\/94346","targetHints":{"allow":["GET"]}}],"collection":[{"href":"https:\/\/eldiariodesanpedro.com.ar\/sitio\/wp-json\/wp\/v2\/posts"}],"about":[{"href":"https:\/\/eldiariodesanpedro.com.ar\/sitio\/wp-json\/wp\/v2\/types\/post"}],"author":[{"embeddable":true,"href":"https:\/\/eldiariodesanpedro.com.ar\/sitio\/wp-json\/wp\/v2\/users\/4"}],"replies":[{"embeddable":true,"href":"https:\/\/eldiariodesanpedro.com.ar\/sitio\/wp-json\/wp\/v2\/comments?post=94346"}],"version-history":[{"count":1,"href":"https:\/\/eldiariodesanpedro.com.ar\/sitio\/wp-json\/wp\/v2\/posts\/94346\/revisions"}],"predecessor-version":[{"id":94348,"href":"https:\/\/eldiariodesanpedro.com.ar\/sitio\/wp-json\/wp\/v2\/posts\/94346\/revisions\/94348"}],"wp:featuredmedia":[{"embeddable":true,"href":"https:\/\/eldiariodesanpedro.com.ar\/sitio\/wp-json\/wp\/v2\/media\/94347"}],"wp:attachment":[{"href":"https:\/\/eldiariodesanpedro.com.ar\/sitio\/wp-json\/wp\/v2\/media?parent=94346"}],"wp:term":[{"taxonomy":"category","embeddable":true,"href":"https:\/\/eldiariodesanpedro.com.ar\/sitio\/wp-json\/wp\/v2\/categories?post=94346"},{"taxonomy":"post_tag","embeddable":true,"href":"https:\/\/eldiariodesanpedro.com.ar\/sitio\/wp-json\/wp\/v2\/tags?post=94346"}],"curies":[{"name":"wp","href":"https:\/\/api.w.org\/{rel}","templated":true}]}}