{"id":94341,"date":"2021-06-17T19:27:29","date_gmt":"2021-06-17T22:27:29","guid":{"rendered":"https:\/\/eldiariodesanpedro.com.ar\/sitio\/?p=94341"},"modified":"2021-06-17T19:27:33","modified_gmt":"2021-06-17T22:27:33","slug":"edicto-de-posesion-veinteanal-de-filiberti-maria-teresa-geronima-y-otra","status":"publish","type":"post","link":"https:\/\/eldiariodesanpedro.com.ar\/sitio\/edicto-de-posesion-veinteanal-de-filiberti-maria-teresa-geronima-y-otra\/","title":{"rendered":"Edicto de Posesi\u00f3n Veintea\u00f1al de Filiberti Maria Teresa Geronima y Otra"},"content":{"rendered":"<!-- VideographyWP Plugin Message: Automatic video embedding prevented by plugin options. -->\n\n<p>El Juzgado de 1\u00ba Instancia en lo Civil y Comercial N\u00ba 5, Secretar\u00eda\u00a0 \u00fanica del Departamento Judicial de Gral. San Mart\u00edn, sito en Av.101 N\u00ba 1.753, Piso 6\u00ba de San Mart\u00edn, cita a herederos de <strong>Catalina Pettiti y Avico<\/strong>; para que dentro del plazo de <strong>diez<\/strong> d\u00edas, comparezca a tomar la intervenci\u00f3n que le corresponda y contestar demanda en autos \u00ab<strong>Filiberti Maria Teresa Geronima y Otra C\/ Avico Anunciada y Otros S\/ Posesi\u00f3n Veintea\u00f1al<\/strong>\u00ab, bajo apercibimiento de design\u00e1rsele a la <strong>Unidad de la Defensa Departamenta<\/strong>l que corresponda para que lo represente en el presente proceso, como as\u00ed tambi\u00e9n a quienes se consideren con derecho sobre el inmueble.-\u00a0 <strong>Gral. San Mart\u00edn, 16 de Junio de 2.021<\/strong>.-<\/p>\n\n\n\n<p>Dra MARIANELA CRISTINA\u00a0 DELLA VECCHIA<br>ABOGADO SECRETARIO\u00a0<\/p>\n","protected":false},"excerpt":{"rendered":"<p>El Juzgado de 1\u00ba Instancia en lo Civil y Comercial N\u00ba 5, Secretar\u00eda\u00a0 \u00fanica del Departamento Judicial de Gral. San Mart\u00edn, sito en Av.101 N\u00ba 1.753, Piso 6\u00ba de San Mart\u00edn, cita a herederos de Catalina Pettiti y Avico; para que dentro del plazo de diez d\u00edas, comparezca a tomar la intervenci\u00f3n que le corresponda [&hellip;]<\/p>\n","protected":false},"author":4,"featured_media":81115,"comment_status":"open","ping_status":"closed","sticky":false,"template":"","format":"standard","meta":{"om_disable_all_campaigns":false,"_jetpack_memberships_contains_paid_content":false,"footnotes":""},"categories":[676,1124],"tags":[2237,2236,2235],"class_list":["post-94341","post","type-post","status-publish","format-standard","has-post-thumbnail","hentry","category-edictos","category-edictos-especiales","tag-catalina-pettiti-y-avico","tag-edicto-de-posesion","tag-filiberti-maria-teresa-geronima-y-otra"],"aioseo_notices":[],"gutentor_comment":0,"jetpack_featured_media_url":"https:\/\/eldiariodesanpedro.com.ar\/sitio\/wp-content\/uploads\/2020\/09\/Poder-Judicial.jpg","jetpack_shortlink":"https:\/\/wp.me\/p6RhLt-oxD","jetpack_sharing_enabled":true,"_links":{"self":[{"href":"https:\/\/eldiariodesanpedro.com.ar\/sitio\/wp-json\/wp\/v2\/posts\/94341","targetHints":{"allow":["GET"]}}],"collection":[{"href":"https:\/\/eldiariodesanpedro.com.ar\/sitio\/wp-json\/wp\/v2\/posts"}],"about":[{"href":"https:\/\/eldiariodesanpedro.com.ar\/sitio\/wp-json\/wp\/v2\/types\/post"}],"author":[{"embeddable":true,"href":"https:\/\/eldiariodesanpedro.com.ar\/sitio\/wp-json\/wp\/v2\/users\/4"}],"replies":[{"embeddable":true,"href":"https:\/\/eldiariodesanpedro.com.ar\/sitio\/wp-json\/wp\/v2\/comments?post=94341"}],"version-history":[{"count":1,"href":"https:\/\/eldiariodesanpedro.com.ar\/sitio\/wp-json\/wp\/v2\/posts\/94341\/revisions"}],"predecessor-version":[{"id":94342,"href":"https:\/\/eldiariodesanpedro.com.ar\/sitio\/wp-json\/wp\/v2\/posts\/94341\/revisions\/94342"}],"wp:featuredmedia":[{"embeddable":true,"href":"https:\/\/eldiariodesanpedro.com.ar\/sitio\/wp-json\/wp\/v2\/media\/81115"}],"wp:attachment":[{"href":"https:\/\/eldiariodesanpedro.com.ar\/sitio\/wp-json\/wp\/v2\/media?parent=94341"}],"wp:term":[{"taxonomy":"category","embeddable":true,"href":"https:\/\/eldiariodesanpedro.com.ar\/sitio\/wp-json\/wp\/v2\/categories?post=94341"},{"taxonomy":"post_tag","embeddable":true,"href":"https:\/\/eldiariodesanpedro.com.ar\/sitio\/wp-json\/wp\/v2\/tags?post=94341"}],"curies":[{"name":"wp","href":"https:\/\/api.w.org\/{rel}","templated":true}]}}