{"id":94334,"date":"2021-06-17T19:07:08","date_gmt":"2021-06-17T22:07:08","guid":{"rendered":"https:\/\/eldiariodesanpedro.com.ar\/sitio\/?p=94334"},"modified":"2021-06-17T19:07:55","modified_gmt":"2021-06-17T22:07:55","slug":"dejan-sin-efecto-la-cautelar-que-suspendio-la-ley-de-interrupcion-voluntario-del-embarazo","status":"publish","type":"post","link":"https:\/\/eldiariodesanpedro.com.ar\/sitio\/dejan-sin-efecto-la-cautelar-que-suspendio-la-ley-de-interrupcion-voluntario-del-embarazo\/","title":{"rendered":"Dejan sin efecto la cautelar que suspendi\u00f3 la ley de Interrupci\u00f3n Voluntario del Embarazo"},"content":{"rendered":"<!-- VideographyWP Plugin Message: Automatic video embedding prevented by plugin options. -->\n\n<p>El Juzgado Federal N\u00ba2 de Mar del Plata concedi\u00f3 la apelaci\u00f3n interpuesta frente a la cautelar que suspendi\u00f3 la ley de Interrupci\u00f3n Voluntaria del Embarazo.<\/p>\n\n\n\n<p>El titular del Juzgado Federal N\u00b02 de Mar del Plata,\u00a0<strong>Santiago Jos\u00e9 Mart\u00edn<\/strong>, concluy\u00f3 con la medida\u00a0<strong>cautelar<\/strong>\u00a0que suspendi\u00f3 la aplicabilidad de la Ley de Interrupci\u00f3n Voluntaria del Embarazo (<strong>IVE<\/strong>).<\/p>\n\n\n\n<p>El\u00a0<strong>juez<\/strong>\u00a0Jos\u00e9 Mart\u00edn concedi\u00f3 la apelaci\u00f3n que llev\u00f3 a cabo el ministerio de Salud de la Naci\u00f3n, ante la cautelar del juez mar platense\u00a0<strong>Alfredo Eugenio L\u00f3pez<\/strong>\u00a0que suspendi\u00f3 la vigencia de la Ley 27.610.<\/p>\n\n\n\n<p>El magistrado resalt\u00f3 que los \u00fanicos supuestos en que los recursos deben ser concedidos con efecto devolutivo, es decir sin suspender la cautelar hasta que resuelva la C\u00e1mara, es en aquellos casos en que la cautelar haya sido concedida a favor de un sector socialmente vulnerable o que se encuentre comprometida la vida digna, la salud, derechos de naturaleza alimentaria o ambiental, algo que no se presentaba en el caso del ex abogado Seri.<\/p>\n\n\n\n<p>Si bien el efectivo suspensivo puede comprometer \u201cla naturaleza r\u00e1pida y expedita del amparo\u201d, el magistrado tambi\u00e9n consider\u00f3 que \u201cel alcance asignado a la medida cautelar, los efectos que la misma conlleva, la relevancia institucional que tiene la ley cuestionada (\u2026) (y) los sensibles derechos constitucionales comprometidos en este proceso\u2026\u201d, lo llevaron a concluir en la necesidad de suspender la cautelar hasta tanto lo resuelva la C\u00e1mara Federal de esa ciudad.<\/p>\n\n\n\n<p>Por otra parte, el juez Mart\u00edn admiti\u00f3 la presentaci\u00f3n como terceros interesados a las asociaciones civiles Amnist\u00eda Internacional, al Equipo Latinoamericano de Justicia y G\u00e9nero, a la Fundaci\u00f3n Mujeres por Mujeres y al ex juez Gustavo Carranza Latrubesse.<\/p>\n\n\n\n<p>La suspensi\u00f3n de la vigencia de la Ley de Interrupci\u00f3n Voluntaria del Embarazo hab\u00eda sido realizada por Alfredo L\u00f3pez, un juez fervientemente cat\u00f3lico que milita ideol\u00f3gicamente en el espacio conocido como pro vida. En su perfil de twitter, pueden encontrarse sus manifestaciones en contra del colectivo feminista, con expresiones como \u00abfemibolches\u00bb, \u00abtiran\u00eda abortera\u00bb o \u00abpatolog\u00eda femibolche\u00bb.<\/p>\n\n\n\n<p>En una videoconferencia con el padre Javier Olivera puede apreciarse en profundidad la postura del juez que anul\u00f3 la vigencia del IVE.<\/p>\n\n\n\n<p>Fuente: i<a href=\"https:\/\/infocielo.com\/ive\/ley-ive-dejan-efecto-la-cautelar-que-la-suspendio-n714032\">nfocielo<\/a><\/p>\n","protected":false},"excerpt":{"rendered":"<p>El Juzgado Federal N\u00ba2 de Mar del Plata concedi\u00f3 la apelaci\u00f3n interpuesta frente a la cautelar que suspendi\u00f3 la ley de Interrupci\u00f3n Voluntaria del Embarazo. El titular del Juzgado Federal N\u00b02 de Mar del Plata,\u00a0Santiago Jos\u00e9 Mart\u00edn, concluy\u00f3 con la medida\u00a0cautelar\u00a0que suspendi\u00f3 la aplicabilidad de la Ley de Interrupci\u00f3n Voluntaria del Embarazo (IVE). El\u00a0juez\u00a0Jos\u00e9 Mart\u00edn [&hellip;]<\/p>\n","protected":false},"author":4,"featured_media":94335,"comment_status":"open","ping_status":"closed","sticky":false,"template":"","format":"standard","meta":{"om_disable_all_campaigns":false,"_jetpack_memberships_contains_paid_content":false,"footnotes":""},"categories":[50,621],"tags":[],"class_list":["post-94334","post","type-post","status-publish","format-standard","has-post-thumbnail","hentry","category-destacadas","category-regionales"],"aioseo_notices":[],"gutentor_comment":0,"jetpack_featured_media_url":"https:\/\/eldiariodesanpedro.com.ar\/sitio\/wp-content\/uploads\/2021\/06\/screenshot_20201230-131337_galleryjpg.jpg","jetpack_shortlink":"https:\/\/wp.me\/p6RhLt-oxw","jetpack_sharing_enabled":true,"_links":{"self":[{"href":"https:\/\/eldiariodesanpedro.com.ar\/sitio\/wp-json\/wp\/v2\/posts\/94334","targetHints":{"allow":["GET"]}}],"collection":[{"href":"https:\/\/eldiariodesanpedro.com.ar\/sitio\/wp-json\/wp\/v2\/posts"}],"about":[{"href":"https:\/\/eldiariodesanpedro.com.ar\/sitio\/wp-json\/wp\/v2\/types\/post"}],"author":[{"embeddable":true,"href":"https:\/\/eldiariodesanpedro.com.ar\/sitio\/wp-json\/wp\/v2\/users\/4"}],"replies":[{"embeddable":true,"href":"https:\/\/eldiariodesanpedro.com.ar\/sitio\/wp-json\/wp\/v2\/comments?post=94334"}],"version-history":[{"count":2,"href":"https:\/\/eldiariodesanpedro.com.ar\/sitio\/wp-json\/wp\/v2\/posts\/94334\/revisions"}],"predecessor-version":[{"id":94337,"href":"https:\/\/eldiariodesanpedro.com.ar\/sitio\/wp-json\/wp\/v2\/posts\/94334\/revisions\/94337"}],"wp:featuredmedia":[{"embeddable":true,"href":"https:\/\/eldiariodesanpedro.com.ar\/sitio\/wp-json\/wp\/v2\/media\/94335"}],"wp:attachment":[{"href":"https:\/\/eldiariodesanpedro.com.ar\/sitio\/wp-json\/wp\/v2\/media?parent=94334"}],"wp:term":[{"taxonomy":"category","embeddable":true,"href":"https:\/\/eldiariodesanpedro.com.ar\/sitio\/wp-json\/wp\/v2\/categories?post=94334"},{"taxonomy":"post_tag","embeddable":true,"href":"https:\/\/eldiariodesanpedro.com.ar\/sitio\/wp-json\/wp\/v2\/tags?post=94334"}],"curies":[{"name":"wp","href":"https:\/\/api.w.org\/{rel}","templated":true}]}}