{"id":94331,"date":"2021-06-17T18:54:38","date_gmt":"2021-06-17T21:54:38","guid":{"rendered":"https:\/\/eldiariodesanpedro.com.ar\/sitio\/?p=94331"},"modified":"2021-06-17T18:54:42","modified_gmt":"2021-06-17T21:54:42","slug":"advertencias-violeta-por-temperaturas-muy-bajas-que-rondaran-los-2oc","status":"publish","type":"post","link":"https:\/\/eldiariodesanpedro.com.ar\/sitio\/advertencias-violeta-por-temperaturas-muy-bajas-que-rondaran-los-2oc\/","title":{"rendered":"\u00abAdvertencias Violeta\u00bb por temperaturas muy bajas que rondaran los -2\u00baC"},"content":{"rendered":"<!-- VideographyWP Plugin Message: Automatic video embedding prevented by plugin options. -->\n\n<p>Rige una advertencia por lo que se esperan para esta madrugada y las primeras horas del d\u00eda viernes que las temperaturas oscilen entre los -2\u00bac y los 5\u00bac , adem\u00e1s durante la jornada de viernes se prev\u00e9 una m\u00e1xima de entre 10\u00bac y 15\u00bac.<\/p>\n\n\n\n<p>Se espera que estas condiciones clim\u00e1ticas persistan inclusive en la jornada del pr\u00f3ximo s\u00e1bado.<\/p>\n\n\n\n<p> <\/p>\n","protected":false},"excerpt":{"rendered":"<p>Rige una advertencia por lo que se esperan para esta madrugada y las primeras horas del d\u00eda viernes que las temperaturas oscilen entre los -2\u00bac y los 5\u00bac , adem\u00e1s durante la jornada de viernes se prev\u00e9 una m\u00e1xima de entre 10\u00bac y 15\u00bac. Se espera que estas condiciones clim\u00e1ticas persistan inclusive en la jornada [&hellip;]<\/p>\n","protected":false},"author":4,"featured_media":94332,"comment_status":"open","ping_status":"closed","sticky":false,"template":"","format":"standard","meta":{"om_disable_all_campaigns":false,"_jetpack_memberships_contains_paid_content":false,"footnotes":""},"categories":[50,101,2],"tags":[],"class_list":["post-94331","post","type-post","status-publish","format-standard","has-post-thumbnail","hentry","category-destacadas","category-interes-general-locales","category-locales"],"aioseo_notices":[],"gutentor_comment":0,"jetpack_featured_media_url":"https:\/\/eldiariodesanpedro.com.ar\/sitio\/wp-content\/uploads\/2021\/06\/multimedia.normal.987cf41305b2785f.696e766965726e6f206672c3ad6f2063c3b372646f62615f6e6f726d616c2e6a7067.jpg","jetpack_shortlink":"https:\/\/wp.me\/p6RhLt-oxt","jetpack_sharing_enabled":true,"_links":{"self":[{"href":"https:\/\/eldiariodesanpedro.com.ar\/sitio\/wp-json\/wp\/v2\/posts\/94331","targetHints":{"allow":["GET"]}}],"collection":[{"href":"https:\/\/eldiariodesanpedro.com.ar\/sitio\/wp-json\/wp\/v2\/posts"}],"about":[{"href":"https:\/\/eldiariodesanpedro.com.ar\/sitio\/wp-json\/wp\/v2\/types\/post"}],"author":[{"embeddable":true,"href":"https:\/\/eldiariodesanpedro.com.ar\/sitio\/wp-json\/wp\/v2\/users\/4"}],"replies":[{"embeddable":true,"href":"https:\/\/eldiariodesanpedro.com.ar\/sitio\/wp-json\/wp\/v2\/comments?post=94331"}],"version-history":[{"count":1,"href":"https:\/\/eldiariodesanpedro.com.ar\/sitio\/wp-json\/wp\/v2\/posts\/94331\/revisions"}],"predecessor-version":[{"id":94333,"href":"https:\/\/eldiariodesanpedro.com.ar\/sitio\/wp-json\/wp\/v2\/posts\/94331\/revisions\/94333"}],"wp:featuredmedia":[{"embeddable":true,"href":"https:\/\/eldiariodesanpedro.com.ar\/sitio\/wp-json\/wp\/v2\/media\/94332"}],"wp:attachment":[{"href":"https:\/\/eldiariodesanpedro.com.ar\/sitio\/wp-json\/wp\/v2\/media?parent=94331"}],"wp:term":[{"taxonomy":"category","embeddable":true,"href":"https:\/\/eldiariodesanpedro.com.ar\/sitio\/wp-json\/wp\/v2\/categories?post=94331"},{"taxonomy":"post_tag","embeddable":true,"href":"https:\/\/eldiariodesanpedro.com.ar\/sitio\/wp-json\/wp\/v2\/tags?post=94331"}],"curies":[{"name":"wp","href":"https:\/\/api.w.org\/{rel}","templated":true}]}}