{"id":94323,"date":"2021-06-17T13:53:31","date_gmt":"2021-06-17T16:53:31","guid":{"rendered":"https:\/\/eldiariodesanpedro.com.ar\/sitio\/?p=94323"},"modified":"2021-06-17T13:53:31","modified_gmt":"2021-06-17T16:53:31","slug":"llegaron-3000-dosis-de-astrazeneca-para-continuar-con-el-plan-de-vacunacion","status":"publish","type":"post","link":"https:\/\/eldiariodesanpedro.com.ar\/sitio\/llegaron-3000-dosis-de-astrazeneca-para-continuar-con-el-plan-de-vacunacion\/","title":{"rendered":"Llegaron 3000 dosis de AstraZeneca para continuar con el plan de vacunaci\u00f3n"},"content":{"rendered":"<!-- VideographyWP Plugin Message: Automatic video embedding prevented by plugin options. -->\n\n<p>Se traslado el d\u00eda de hoy a nuestra ciudad un nuevo lote de vacunas para la continuidad del plan de vacunaci\u00f3n de Covid-19 asignado a nuestro distrito, ayer hubo un error en la informaci\u00f3n explicando que serian 300 pero hoy se corroboro que el cargamento tra\u00eda 3000 dosis.<\/p>\n\n\n\n<p>El m\u00f3vil policial acompa\u00f1o el transporte que realizar\u00e1 la entrega de 3000 primeras dosis de la vacuna AstraZeneca en la posta sanitaria que funciona en el Club de Jubilados y que ser\u00e1n aplicadas en turnos otorgados y para los mayores de 60 a\u00f1os que no hayan recibido esta primera dosis y se presenten en el vacunatorio.<\/p>\n\n\n\n<p>Se recuerda a los menores de 60 a\u00f1os que la inscripci\u00f3n es fundamental para ser incluido en el diagrama del Ministerio de Salud y que se puede realizar a trav\u00e9s del sitio web <a href=\"https:\/\/vacunatepba.gba.gob.ar\/\">https:\/\/vacunatepba.gba.gob.ar\/<\/a> o solicitando asistencia en el Punto de Informaci\u00f3n y Vacunaci\u00f3n en el Club de Jubilados (Salta y 9 de Julio) de lunes a domingos de 8 a 17.<\/p>\n","protected":false},"excerpt":{"rendered":"<p>Se traslado el d\u00eda de hoy a nuestra ciudad un nuevo lote de vacunas para la continuidad del plan de vacunaci\u00f3n de Covid-19 asignado a nuestro distrito, ayer hubo un error en la informaci\u00f3n explicando que serian 300 pero hoy se corroboro que el cargamento tra\u00eda 3000 dosis. El m\u00f3vil policial acompa\u00f1o el transporte que [&hellip;]<\/p>\n","protected":false},"author":4,"featured_media":93683,"comment_status":"open","ping_status":"closed","sticky":false,"template":"","format":"standard","meta":{"om_disable_all_campaigns":false,"_jetpack_memberships_contains_paid_content":false,"footnotes":""},"categories":[50,101,2],"tags":[],"class_list":["post-94323","post","type-post","status-publish","format-standard","has-post-thumbnail","hentry","category-destacadas","category-interes-general-locales","category-locales"],"aioseo_notices":[],"gutentor_comment":0,"jetpack_featured_media_url":"https:\/\/eldiariodesanpedro.com.ar\/sitio\/wp-content\/uploads\/2021\/06\/WhatsApp-Image-2021-06-04-at-09.02.11.jpeg","jetpack_shortlink":"https:\/\/wp.me\/p6RhLt-oxl","jetpack_sharing_enabled":true,"_links":{"self":[{"href":"https:\/\/eldiariodesanpedro.com.ar\/sitio\/wp-json\/wp\/v2\/posts\/94323","targetHints":{"allow":["GET"]}}],"collection":[{"href":"https:\/\/eldiariodesanpedro.com.ar\/sitio\/wp-json\/wp\/v2\/posts"}],"about":[{"href":"https:\/\/eldiariodesanpedro.com.ar\/sitio\/wp-json\/wp\/v2\/types\/post"}],"author":[{"embeddable":true,"href":"https:\/\/eldiariodesanpedro.com.ar\/sitio\/wp-json\/wp\/v2\/users\/4"}],"replies":[{"embeddable":true,"href":"https:\/\/eldiariodesanpedro.com.ar\/sitio\/wp-json\/wp\/v2\/comments?post=94323"}],"version-history":[{"count":1,"href":"https:\/\/eldiariodesanpedro.com.ar\/sitio\/wp-json\/wp\/v2\/posts\/94323\/revisions"}],"predecessor-version":[{"id":94324,"href":"https:\/\/eldiariodesanpedro.com.ar\/sitio\/wp-json\/wp\/v2\/posts\/94323\/revisions\/94324"}],"wp:featuredmedia":[{"embeddable":true,"href":"https:\/\/eldiariodesanpedro.com.ar\/sitio\/wp-json\/wp\/v2\/media\/93683"}],"wp:attachment":[{"href":"https:\/\/eldiariodesanpedro.com.ar\/sitio\/wp-json\/wp\/v2\/media?parent=94323"}],"wp:term":[{"taxonomy":"category","embeddable":true,"href":"https:\/\/eldiariodesanpedro.com.ar\/sitio\/wp-json\/wp\/v2\/categories?post=94323"},{"taxonomy":"post_tag","embeddable":true,"href":"https:\/\/eldiariodesanpedro.com.ar\/sitio\/wp-json\/wp\/v2\/tags?post=94323"}],"curies":[{"name":"wp","href":"https:\/\/api.w.org\/{rel}","templated":true}]}}