{"id":94308,"date":"2021-06-17T11:00:32","date_gmt":"2021-06-17T14:00:32","guid":{"rendered":"https:\/\/eldiariodesanpedro.com.ar\/sitio\/?p=94308"},"modified":"2021-06-17T11:00:36","modified_gmt":"2021-06-17T14:00:36","slug":"en-san-pedro-descubren-dientes-de-un-megaterio","status":"publish","type":"post","link":"https:\/\/eldiariodesanpedro.com.ar\/sitio\/en-san-pedro-descubren-dientes-de-un-megaterio\/","title":{"rendered":"En San Pedro descubren dientes de un megaterio"},"content":{"rendered":"<!-- VideographyWP Plugin Message: Automatic video embedding prevented by plugin options. -->\n\n<p><strong>Dos grandes molares<\/strong> que pertenecieron a un <strong>megaterio<\/strong> (<em>Megatherium americanum<\/em>), fueron descubiertos por integrantes del Grupo Conservacionista de F\u00f3siles, en el yacimiento de <strong>Campo Sp\u00f3sito<\/strong>, ubicado en el <em>Bajo del Tala<\/em>, partido de San Pedro.<\/p>\n\n\n\n<p><strong>Jos\u00e9 Luis Aguilar y Julio Simonini<\/strong> los divisaron en un corte de terreno, hace unas semanas atr\u00e1s, aflorando entre las rocas. Las dos grandes piezas dentales,&nbsp; a pesar de no estar completas, miden unos <strong>10 cent\u00edmetros de largo<\/strong> y unos <strong>5 cent\u00edmetros de di\u00e1metro<\/strong>. Son de secci\u00f3n cuadrangular y la superficie de masticaci\u00f3n posee bordes afilados en forma de bisel.<\/p>\n\n\n\n<p><strong><u>El m\u00e1s grande de los perezosos<\/u><\/strong><\/p>\n\n\n\n<p>El<strong> Megaterio<\/strong> fue un animal perteneciente al grupo de los perezosos terrestres que alcanz\u00f3 un desarrollo superior al de muchos de sus parientes prehist\u00f3ricos, llegando a medir algo m\u00e1s de 5 metros de longitud, de la cabeza a la cola. Su esqueleto estaba conformado por huesos de importante tama\u00f1o preparados para soportar el gran peso del animal. Todo su cuerpo estaba cubierto por una densa pelambre y un grueso cuero que lo proteg\u00edan de los depredadores.<\/p>\n\n\n\n<p>Tanto los pies como las manos de estos enormes mam\u00edferos estaban equipados con tremendas garras, gruesas y fuertes que le serv\u00edan en la b\u00fasqueda de comida o en acciones defensivas.<\/p>\n\n\n\n<p>Eran de andar lento y pod\u00edan adoptar postura b\u00edpeda, tanto para alimentarse de los \u00e1rboles que conformaban su dieta, como para caminar en breves recorridos o intimidar a posibles atacantes.<\/p>\n\n\n\n<p>Megaterio pose\u00eda un cr\u00e1neo algo estrecho en relaci\u00f3n a su tama\u00f1o, con mand\u00edbulas fuertes y altas y piezas dentales preparadas para machacar y triturar vegetales sin inconvenientes. Sus dientes no pose\u00edan esmalte y cuando se los encuentra en estado f\u00f3sil, suelen ser quebradizos.&nbsp;&nbsp;<\/p>\n\n\n\n<p>En San Pedro, sus restos fosilizados han sido hallados en diferentes canteras sobre el sector de barrancas, en sedimentos depositados en diferentes momentos geol\u00f3gicos.<\/p>\n","protected":false},"excerpt":{"rendered":"<p>Dos grandes molares que pertenecieron a un megaterio (Megatherium americanum), fueron descubiertos por integrantes del Grupo Conservacionista de F\u00f3siles, en el yacimiento de Campo Sp\u00f3sito, ubicado en el Bajo del Tala, partido de San Pedro. Jos\u00e9 Luis Aguilar y Julio Simonini los divisaron en un corte de terreno, hace unas semanas atr\u00e1s, aflorando entre las [&hellip;]<\/p>\n","protected":false},"author":4,"featured_media":94309,"comment_status":"open","ping_status":"closed","sticky":false,"template":"","format":"standard","meta":{"om_disable_all_campaigns":false,"_jetpack_memberships_contains_paid_content":false,"footnotes":""},"categories":[2],"tags":[],"class_list":["post-94308","post","type-post","status-publish","format-standard","has-post-thumbnail","hentry","category-locales"],"aioseo_notices":[],"gutentor_comment":0,"jetpack_featured_media_url":"https:\/\/eldiariodesanpedro.com.ar\/sitio\/wp-content\/uploads\/2021\/06\/IMG_20210613_174545.jpg","jetpack_shortlink":"https:\/\/wp.me\/p6RhLt-ox6","jetpack_sharing_enabled":true,"_links":{"self":[{"href":"https:\/\/eldiariodesanpedro.com.ar\/sitio\/wp-json\/wp\/v2\/posts\/94308","targetHints":{"allow":["GET"]}}],"collection":[{"href":"https:\/\/eldiariodesanpedro.com.ar\/sitio\/wp-json\/wp\/v2\/posts"}],"about":[{"href":"https:\/\/eldiariodesanpedro.com.ar\/sitio\/wp-json\/wp\/v2\/types\/post"}],"author":[{"embeddable":true,"href":"https:\/\/eldiariodesanpedro.com.ar\/sitio\/wp-json\/wp\/v2\/users\/4"}],"replies":[{"embeddable":true,"href":"https:\/\/eldiariodesanpedro.com.ar\/sitio\/wp-json\/wp\/v2\/comments?post=94308"}],"version-history":[{"count":1,"href":"https:\/\/eldiariodesanpedro.com.ar\/sitio\/wp-json\/wp\/v2\/posts\/94308\/revisions"}],"predecessor-version":[{"id":94310,"href":"https:\/\/eldiariodesanpedro.com.ar\/sitio\/wp-json\/wp\/v2\/posts\/94308\/revisions\/94310"}],"wp:featuredmedia":[{"embeddable":true,"href":"https:\/\/eldiariodesanpedro.com.ar\/sitio\/wp-json\/wp\/v2\/media\/94309"}],"wp:attachment":[{"href":"https:\/\/eldiariodesanpedro.com.ar\/sitio\/wp-json\/wp\/v2\/media?parent=94308"}],"wp:term":[{"taxonomy":"category","embeddable":true,"href":"https:\/\/eldiariodesanpedro.com.ar\/sitio\/wp-json\/wp\/v2\/categories?post=94308"},{"taxonomy":"post_tag","embeddable":true,"href":"https:\/\/eldiariodesanpedro.com.ar\/sitio\/wp-json\/wp\/v2\/tags?post=94308"}],"curies":[{"name":"wp","href":"https:\/\/api.w.org\/{rel}","templated":true}]}}