{"id":94299,"date":"2021-06-16T21:33:30","date_gmt":"2021-06-17T00:33:30","guid":{"rendered":"https:\/\/eldiariodesanpedro.com.ar\/sitio\/?p=94299"},"modified":"2021-06-16T21:33:33","modified_gmt":"2021-06-17T00:33:33","slug":"extension-de-horarios-comerciales-y-aforo-del-30-en-gastronomia-para-el-proximo-fin-de-semana-largo","status":"publish","type":"post","link":"https:\/\/eldiariodesanpedro.com.ar\/sitio\/extension-de-horarios-comerciales-y-aforo-del-30-en-gastronomia-para-el-proximo-fin-de-semana-largo\/","title":{"rendered":"Extensi\u00f3n de horarios comerciales y aforo del 30% en gastronom\u00eda para el pr\u00f3ximo fin de semana largo"},"content":{"rendered":"<!-- VideographyWP Plugin Message: Automatic video embedding prevented by plugin options. -->\n\n<p>Esta noche el Intendente Municipal Cecilio Salazar recibi\u00f3 junto al Secretario de Coordinaci\u00f3n Ram\u00f3n Salazar y al Secretario de Gobierno Silvio Corti, a representantes de la Comisi\u00f3n Directiva del Centro de Comercio Industria y Turismo.<\/p>\n\n\n\n<p>El secretario Gonzalo Castagnola y el protesorero Sandro Dotti, compartieron una charla para repasar la situaci\u00f3n general del sector, luego de las diferentes restricciones y aperturas parciales que se han ido sucediendo, a partir de las resoluciones de los gobiernos de Provincia y Naci\u00f3n en el marco de la Pandemia de Covid-19.<\/p>\n\n\n\n<p>Ante las caracter\u00edsticas especiales del pr\u00f3ximo fin de semana largo que incluye adem\u00e1s la celebraci\u00f3n del \u201cD\u00eda del Padre\u201d, la entidad hab\u00eda elevado una solicitud que dio lugar a este encuentro, en el que se tomaron algunas decisiones de car\u00e1cter especial.<\/p>\n\n\n\n<p>Estas medidas entrar\u00e1n en vigencia desde el viernes y hasta el lunes inclusive, luego de que desde el gobierno local se cumpla con los procedimientos establecidos en el seguimiento conjunto con el gobierno provincial.<\/p>\n\n\n\n<p>Para favorecer el funcionamiento de los comercios minoristas no esenciales se permitir\u00e1 la atenci\u00f3n al p\u00fablico con ingreso controlado de clientes, hasta las 20hs.<\/p>\n\n\n\n<p>Los comercios esenciales podr\u00e1n atender en sus locales hasta las 21hs y continuar con servicio de env\u00edos a domicilio hasta las 23hs.<\/p>\n\n\n\n<p>En el caso de los gastron\u00f3micos se permitir\u00e1 el funcionamiento hasta las 20hs con servicio al aire libre (s\u00f3lo en veredas y patios) y un aforo de hasta un 30% en el interior de los locales. Los que brindan servicio a domicilio podr\u00e1n hacerlo hasta las 23.<\/p>\n\n\n\n<p>La implementaci\u00f3n de esta flexibilizaci\u00f3n acordada con el Centro de Comercio, se enmarca en el v\u00ednculo constante que se ha mantenido desde el comienzo de la Pandemia y en la coincidencia absoluta sobre la necesidad de mantener un equilibrio entre la prevenci\u00f3n y la continuidad de la actividad econ\u00f3mica y el trabajo.<\/p>\n\n\n\n<p>Junto al anuncio de estas medidas se hace un nuevo llamado a la responsabilidad de todos los sectores, destacando que se busca la comodidad y seguridad de los consumidores y de los comerciantes, ante las condiciones clim\u00e1ticas de esta \u00e9poca y en una fecha tan especial.<\/p>\n","protected":false},"excerpt":{"rendered":"<p>Esta noche el Intendente Municipal Cecilio Salazar recibi\u00f3 junto al Secretario de Coordinaci\u00f3n Ram\u00f3n Salazar y al Secretario de Gobierno Silvio Corti, a representantes de la Comisi\u00f3n Directiva del Centro de Comercio Industria y Turismo. El secretario Gonzalo Castagnola y el protesorero Sandro Dotti, compartieron una charla para repasar la situaci\u00f3n general del sector, luego [&hellip;]<\/p>\n","protected":false},"author":4,"featured_media":94300,"comment_status":"open","ping_status":"closed","sticky":false,"template":"","format":"standard","meta":{"om_disable_all_campaigns":false,"_jetpack_memberships_contains_paid_content":false,"footnotes":""},"categories":[50,101,2],"tags":[],"class_list":["post-94299","post","type-post","status-publish","format-standard","has-post-thumbnail","hentry","category-destacadas","category-interes-general-locales","category-locales"],"aioseo_notices":[],"gutentor_comment":0,"jetpack_featured_media_url":"https:\/\/eldiariodesanpedro.com.ar\/sitio\/wp-content\/uploads\/2021\/06\/WhatsApp-Image-2021-06-16-at-21.26.04.jpeg","jetpack_shortlink":"https:\/\/wp.me\/p6RhLt-owX","jetpack_sharing_enabled":true,"_links":{"self":[{"href":"https:\/\/eldiariodesanpedro.com.ar\/sitio\/wp-json\/wp\/v2\/posts\/94299","targetHints":{"allow":["GET"]}}],"collection":[{"href":"https:\/\/eldiariodesanpedro.com.ar\/sitio\/wp-json\/wp\/v2\/posts"}],"about":[{"href":"https:\/\/eldiariodesanpedro.com.ar\/sitio\/wp-json\/wp\/v2\/types\/post"}],"author":[{"embeddable":true,"href":"https:\/\/eldiariodesanpedro.com.ar\/sitio\/wp-json\/wp\/v2\/users\/4"}],"replies":[{"embeddable":true,"href":"https:\/\/eldiariodesanpedro.com.ar\/sitio\/wp-json\/wp\/v2\/comments?post=94299"}],"version-history":[{"count":1,"href":"https:\/\/eldiariodesanpedro.com.ar\/sitio\/wp-json\/wp\/v2\/posts\/94299\/revisions"}],"predecessor-version":[{"id":94301,"href":"https:\/\/eldiariodesanpedro.com.ar\/sitio\/wp-json\/wp\/v2\/posts\/94299\/revisions\/94301"}],"wp:featuredmedia":[{"embeddable":true,"href":"https:\/\/eldiariodesanpedro.com.ar\/sitio\/wp-json\/wp\/v2\/media\/94300"}],"wp:attachment":[{"href":"https:\/\/eldiariodesanpedro.com.ar\/sitio\/wp-json\/wp\/v2\/media?parent=94299"}],"wp:term":[{"taxonomy":"category","embeddable":true,"href":"https:\/\/eldiariodesanpedro.com.ar\/sitio\/wp-json\/wp\/v2\/categories?post=94299"},{"taxonomy":"post_tag","embeddable":true,"href":"https:\/\/eldiariodesanpedro.com.ar\/sitio\/wp-json\/wp\/v2\/tags?post=94299"}],"curies":[{"name":"wp","href":"https:\/\/api.w.org\/{rel}","templated":true}]}}