{"id":94297,"date":"2021-06-16T18:55:04","date_gmt":"2021-06-16T21:55:04","guid":{"rendered":"https:\/\/eldiariodesanpedro.com.ar\/sitio\/?p=94297"},"modified":"2021-06-16T18:55:08","modified_gmt":"2021-06-16T21:55:08","slug":"manana-llegan-300-primeras-dosis-de-astrazeneca","status":"publish","type":"post","link":"https:\/\/eldiariodesanpedro.com.ar\/sitio\/manana-llegan-300-primeras-dosis-de-astrazeneca\/","title":{"rendered":"Ma\u00f1ana llegan 300 primeras dosis de AstraZeneca"},"content":{"rendered":"<!-- VideographyWP Plugin Message: Automatic video embedding prevented by plugin options. -->\n\n<p>Se informa que desde el Ministerio de Seguridad de la Provincia de Buenos Aires se ha solicitado a la Jefatura Comunal de San Pedro, a trav\u00e9s de una orden de servicio, la presencia de personal policial para acompa\u00f1ar este jueves 17 de junio a un transporte que trasladar\u00e1 a nuestra ciudad un nuevo lote de vacunas para la continuidad del plan de vacunaci\u00f3n de Covid-19 asignado a nuestro distrito.<\/p>\n\n\n\n<p>El m\u00f3vil policial acompa\u00f1ar\u00e1 el transporte que realizar\u00e1 la entrega de 300 primeras dosis de la vacuna AstraZeneca en la posta sanitaria que funciona en el Club de Jubilados y que ser\u00e1n aplicadas en turnos otorgados y para los mayores de 60 a\u00f1os que no hayan recibido esta primera dosis y se presenten en el vacunatorio.<\/p>\n\n\n\n<p>Se recuerda a los menores de 60 a\u00f1os que la inscripci\u00f3n es fundamental para ser incluido en el diagrama del Ministerio de Salud y que se puede realizar a trav\u00e9s del sitio web https:\/\/vacunatepba.gba.gob.ar\/ o solicitando asistencia en el Punto de Informaci\u00f3n y Vacunaci\u00f3n en el Club de Jubilados (Salta y 9 de Julio) de lunes a domingos de 8 a 17.<\/p>\n","protected":false},"excerpt":{"rendered":"<p>Se informa que desde el Ministerio de Seguridad de la Provincia de Buenos Aires se ha solicitado a la Jefatura Comunal de San Pedro, a trav\u00e9s de una orden de servicio, la presencia de personal policial para acompa\u00f1ar este jueves 17 de junio a un transporte que trasladar\u00e1 a nuestra ciudad un nuevo lote de [&hellip;]<\/p>\n","protected":false},"author":4,"featured_media":93476,"comment_status":"open","ping_status":"closed","sticky":false,"template":"","format":"standard","meta":{"om_disable_all_campaigns":false,"_jetpack_memberships_contains_paid_content":false,"footnotes":""},"categories":[101,2],"tags":[],"class_list":["post-94297","post","type-post","status-publish","format-standard","has-post-thumbnail","hentry","category-interes-general-locales","category-locales"],"aioseo_notices":[],"gutentor_comment":0,"jetpack_featured_media_url":"https:\/\/eldiariodesanpedro.com.ar\/sitio\/wp-content\/uploads\/2021\/06\/sanidad-desoye-a-la-ciencia-la-segunda-dosis-de-astrazeneca-tiene-menor-riesgo-que-la-1A.jpg","jetpack_shortlink":"https:\/\/wp.me\/p6RhLt-owV","jetpack_sharing_enabled":true,"_links":{"self":[{"href":"https:\/\/eldiariodesanpedro.com.ar\/sitio\/wp-json\/wp\/v2\/posts\/94297","targetHints":{"allow":["GET"]}}],"collection":[{"href":"https:\/\/eldiariodesanpedro.com.ar\/sitio\/wp-json\/wp\/v2\/posts"}],"about":[{"href":"https:\/\/eldiariodesanpedro.com.ar\/sitio\/wp-json\/wp\/v2\/types\/post"}],"author":[{"embeddable":true,"href":"https:\/\/eldiariodesanpedro.com.ar\/sitio\/wp-json\/wp\/v2\/users\/4"}],"replies":[{"embeddable":true,"href":"https:\/\/eldiariodesanpedro.com.ar\/sitio\/wp-json\/wp\/v2\/comments?post=94297"}],"version-history":[{"count":1,"href":"https:\/\/eldiariodesanpedro.com.ar\/sitio\/wp-json\/wp\/v2\/posts\/94297\/revisions"}],"predecessor-version":[{"id":94298,"href":"https:\/\/eldiariodesanpedro.com.ar\/sitio\/wp-json\/wp\/v2\/posts\/94297\/revisions\/94298"}],"wp:featuredmedia":[{"embeddable":true,"href":"https:\/\/eldiariodesanpedro.com.ar\/sitio\/wp-json\/wp\/v2\/media\/93476"}],"wp:attachment":[{"href":"https:\/\/eldiariodesanpedro.com.ar\/sitio\/wp-json\/wp\/v2\/media?parent=94297"}],"wp:term":[{"taxonomy":"category","embeddable":true,"href":"https:\/\/eldiariodesanpedro.com.ar\/sitio\/wp-json\/wp\/v2\/categories?post=94297"},{"taxonomy":"post_tag","embeddable":true,"href":"https:\/\/eldiariodesanpedro.com.ar\/sitio\/wp-json\/wp\/v2\/tags?post=94297"}],"curies":[{"name":"wp","href":"https:\/\/api.w.org\/{rel}","templated":true}]}}