{"id":94288,"date":"2021-06-16T18:34:49","date_gmt":"2021-06-16T21:34:49","guid":{"rendered":"https:\/\/eldiariodesanpedro.com.ar\/sitio\/?p=94288"},"modified":"2021-06-16T18:34:53","modified_gmt":"2021-06-16T21:34:53","slug":"intervencion-para-la-proteccion-y-traslado-de-un-yacare-negro-que-aparecio-en-zona-de-islas","status":"publish","type":"post","link":"https:\/\/eldiariodesanpedro.com.ar\/sitio\/intervencion-para-la-proteccion-y-traslado-de-un-yacare-negro-que-aparecio-en-zona-de-islas\/","title":{"rendered":"Intervenci\u00f3n para la protecci\u00f3n y traslado de un \u00abYacar\u00e9 Negro\u00bb que apareci\u00f3 en zona de islas"},"content":{"rendered":"<!-- VideographyWP Plugin Message: Automatic video embedding prevented by plugin options. -->\n\n<p>Una familia de la zona de islas se comununic\u00f3 con la Prefectura San Pedro para solicitar asesoramiento ante la aparici\u00f3n de una yacar\u00e9 con caracter\u00edsticas distintas a las que suelen presentar animales de esta especie en la regi\u00f3n.<\/p>\n\n\n\n<p>Para realizar una intervenci\u00f3n segura tanto para las personas involucradas como para el animal desde la repartici\u00f3n se convoc\u00f3 a la Direcci\u00f3n de Bromatolog\u00eda que coordinando con la Secretar\u00eda de Turismo, el Guardaparque de la Reserva de Vuelta de Obligado Aldo La Micela y otros colaboradores con experiencia en el tema, dispuso un operativo especial<\/p>\n\n\n\n<p>En una embarcaci\u00f3n de Prefectura se naveg\u00f3 hacia la residencia de la familia Molina que fue la que hizo la consulta y mantuvo a este Yacar\u00e9 Negro en un bote en zona de playa.<\/p>\n\n\n\n<p>Desde all\u00ed se determin\u00f3 el traslado al Puerto de San Pedro para una revisi\u00f3n a cargo de la veterinaria Ang\u00e9lica Coliva con experiencia en el tema por haberse desempe\u00f1ado en el Zool\u00f3gico Temaiken quien luego de un breve tratamiento recomend\u00f3 su traslado a una zona protegida de la Reserva Natural y de Vida Silvestre de Vuelta de Obligado donde fue liberado.<\/p>\n\n\n\n<figure class=\"wp-block-image size-large\"><img decoding=\"async\" width=\"1024\" height=\"484\" data-attachment-id=\"94293\" data-permalink=\"https:\/\/eldiariodesanpedro.com.ar\/sitio\/intervencion-para-la-proteccion-y-traslado-de-un-yacare-negro-que-aparecio-en-zona-de-islas\/whatsapp-image-2021-06-16-at-16-47-32\/\" data-orig-file=\"https:\/\/eldiariodesanpedro.com.ar\/sitio\/wp-content\/uploads\/2021\/06\/WhatsApp-Image-2021-06-16-at-16.47.32.jpeg\" data-orig-size=\"1040,492\" data-comments-opened=\"1\" data-image-meta=\"{&quot;aperture&quot;:&quot;0&quot;,&quot;credit&quot;:&quot;&quot;,&quot;camera&quot;:&quot;&quot;,&quot;caption&quot;:&quot;&quot;,&quot;created_timestamp&quot;:&quot;0&quot;,&quot;copyright&quot;:&quot;&quot;,&quot;focal_length&quot;:&quot;0&quot;,&quot;iso&quot;:&quot;0&quot;,&quot;shutter_speed&quot;:&quot;0&quot;,&quot;title&quot;:&quot;&quot;,&quot;orientation&quot;:&quot;0&quot;}\" data-image-title=\"WhatsApp Image 2021-06-16 at 16.47.32\" data-image-description=\"\" data-image-caption=\"\" data-large-file=\"https:\/\/eldiariodesanpedro.com.ar\/sitio\/wp-content\/uploads\/2021\/06\/WhatsApp-Image-2021-06-16-at-16.47.32-1024x484.jpeg\" data-src=\"https:\/\/eldiariodesanpedro.com.ar\/sitio\/wp-content\/uploads\/2021\/06\/WhatsApp-Image-2021-06-16-at-16.47.32-1024x484.jpeg\" alt=\"\" class=\"wp-image-94293 lazyload\" data-srcset=\"https:\/\/eldiariodesanpedro.com.ar\/sitio\/wp-content\/uploads\/2021\/06\/WhatsApp-Image-2021-06-16-at-16.47.32-1024x484.jpeg 1024w, https:\/\/eldiariodesanpedro.com.ar\/sitio\/wp-content\/uploads\/2021\/06\/WhatsApp-Image-2021-06-16-at-16.47.32-300x142.jpeg 300w, https:\/\/eldiariodesanpedro.com.ar\/sitio\/wp-content\/uploads\/2021\/06\/WhatsApp-Image-2021-06-16-at-16.47.32-768x363.jpeg 768w, https:\/\/eldiariodesanpedro.com.ar\/sitio\/wp-content\/uploads\/2021\/06\/WhatsApp-Image-2021-06-16-at-16.47.32.jpeg 1040w\" data-sizes=\"(max-width: 1024px) 100vw, 1024px\" src=\"data:image\/svg+xml;base64,PHN2ZyB3aWR0aD0iMSIgaGVpZ2h0PSIxIiB4bWxucz0iaHR0cDovL3d3dy53My5vcmcvMjAwMC9zdmciPjwvc3ZnPg==\" style=\"--smush-placeholder-width: 1024px; --smush-placeholder-aspect-ratio: 1024\/484;\" \/><\/figure>\n\n\n\n<figure class=\"wp-block-image size-large\"><img decoding=\"async\" width=\"1024\" height=\"484\" data-attachment-id=\"94292\" data-permalink=\"https:\/\/eldiariodesanpedro.com.ar\/sitio\/intervencion-para-la-proteccion-y-traslado-de-un-yacare-negro-que-aparecio-en-zona-de-islas\/whatsapp-image-2021-06-16-at-16-47-32-1\/\" data-orig-file=\"https:\/\/eldiariodesanpedro.com.ar\/sitio\/wp-content\/uploads\/2021\/06\/WhatsApp-Image-2021-06-16-at-16.47.32-1.jpeg\" data-orig-size=\"1040,492\" data-comments-opened=\"1\" data-image-meta=\"{&quot;aperture&quot;:&quot;0&quot;,&quot;credit&quot;:&quot;&quot;,&quot;camera&quot;:&quot;&quot;,&quot;caption&quot;:&quot;&quot;,&quot;created_timestamp&quot;:&quot;0&quot;,&quot;copyright&quot;:&quot;&quot;,&quot;focal_length&quot;:&quot;0&quot;,&quot;iso&quot;:&quot;0&quot;,&quot;shutter_speed&quot;:&quot;0&quot;,&quot;title&quot;:&quot;&quot;,&quot;orientation&quot;:&quot;0&quot;}\" data-image-title=\"WhatsApp Image 2021-06-16 at 16.47.32 (1)\" data-image-description=\"\" data-image-caption=\"\" data-large-file=\"https:\/\/eldiariodesanpedro.com.ar\/sitio\/wp-content\/uploads\/2021\/06\/WhatsApp-Image-2021-06-16-at-16.47.32-1-1024x484.jpeg\" data-src=\"https:\/\/eldiariodesanpedro.com.ar\/sitio\/wp-content\/uploads\/2021\/06\/WhatsApp-Image-2021-06-16-at-16.47.32-1-1024x484.jpeg\" alt=\"\" class=\"wp-image-94292 lazyload\" data-srcset=\"https:\/\/eldiariodesanpedro.com.ar\/sitio\/wp-content\/uploads\/2021\/06\/WhatsApp-Image-2021-06-16-at-16.47.32-1-1024x484.jpeg 1024w, https:\/\/eldiariodesanpedro.com.ar\/sitio\/wp-content\/uploads\/2021\/06\/WhatsApp-Image-2021-06-16-at-16.47.32-1-300x142.jpeg 300w, https:\/\/eldiariodesanpedro.com.ar\/sitio\/wp-content\/uploads\/2021\/06\/WhatsApp-Image-2021-06-16-at-16.47.32-1-768x363.jpeg 768w, https:\/\/eldiariodesanpedro.com.ar\/sitio\/wp-content\/uploads\/2021\/06\/WhatsApp-Image-2021-06-16-at-16.47.32-1.jpeg 1040w\" data-sizes=\"(max-width: 1024px) 100vw, 1024px\" src=\"data:image\/svg+xml;base64,PHN2ZyB3aWR0aD0iMSIgaGVpZ2h0PSIxIiB4bWxucz0iaHR0cDovL3d3dy53My5vcmcvMjAwMC9zdmciPjwvc3ZnPg==\" style=\"--smush-placeholder-width: 1024px; --smush-placeholder-aspect-ratio: 1024\/484;\" \/><\/figure>\n","protected":false},"excerpt":{"rendered":"<p>Una familia de la zona de islas se comununic\u00f3 con la Prefectura San Pedro para solicitar asesoramiento ante la aparici\u00f3n de una yacar\u00e9 con caracter\u00edsticas distintas a las que suelen presentar animales de esta especie en la regi\u00f3n. Para realizar una intervenci\u00f3n segura tanto para las personas involucradas como para el animal desde la repartici\u00f3n [&hellip;]<\/p>\n","protected":false},"author":4,"featured_media":94291,"comment_status":"open","ping_status":"closed","sticky":false,"template":"","format":"standard","meta":{"om_disable_all_campaigns":false,"_jetpack_memberships_contains_paid_content":false,"footnotes":""},"categories":[50,101,2],"tags":[],"class_list":["post-94288","post","type-post","status-publish","format-standard","has-post-thumbnail","hentry","category-destacadas","category-interes-general-locales","category-locales"],"aioseo_notices":[],"gutentor_comment":0,"jetpack_featured_media_url":"https:\/\/eldiariodesanpedro.com.ar\/sitio\/wp-content\/uploads\/2021\/06\/WhatsApp-Image-2021-06-16-at-16.47.31.jpeg","jetpack_shortlink":"https:\/\/wp.me\/p6RhLt-owM","jetpack_sharing_enabled":true,"_links":{"self":[{"href":"https:\/\/eldiariodesanpedro.com.ar\/sitio\/wp-json\/wp\/v2\/posts\/94288","targetHints":{"allow":["GET"]}}],"collection":[{"href":"https:\/\/eldiariodesanpedro.com.ar\/sitio\/wp-json\/wp\/v2\/posts"}],"about":[{"href":"https:\/\/eldiariodesanpedro.com.ar\/sitio\/wp-json\/wp\/v2\/types\/post"}],"author":[{"embeddable":true,"href":"https:\/\/eldiariodesanpedro.com.ar\/sitio\/wp-json\/wp\/v2\/users\/4"}],"replies":[{"embeddable":true,"href":"https:\/\/eldiariodesanpedro.com.ar\/sitio\/wp-json\/wp\/v2\/comments?post=94288"}],"version-history":[{"count":1,"href":"https:\/\/eldiariodesanpedro.com.ar\/sitio\/wp-json\/wp\/v2\/posts\/94288\/revisions"}],"predecessor-version":[{"id":94294,"href":"https:\/\/eldiariodesanpedro.com.ar\/sitio\/wp-json\/wp\/v2\/posts\/94288\/revisions\/94294"}],"wp:featuredmedia":[{"embeddable":true,"href":"https:\/\/eldiariodesanpedro.com.ar\/sitio\/wp-json\/wp\/v2\/media\/94291"}],"wp:attachment":[{"href":"https:\/\/eldiariodesanpedro.com.ar\/sitio\/wp-json\/wp\/v2\/media?parent=94288"}],"wp:term":[{"taxonomy":"category","embeddable":true,"href":"https:\/\/eldiariodesanpedro.com.ar\/sitio\/wp-json\/wp\/v2\/categories?post=94288"},{"taxonomy":"post_tag","embeddable":true,"href":"https:\/\/eldiariodesanpedro.com.ar\/sitio\/wp-json\/wp\/v2\/tags?post=94288"}],"curies":[{"name":"wp","href":"https:\/\/api.w.org\/{rel}","templated":true}]}}