{"id":94279,"date":"2021-06-16T12:20:52","date_gmt":"2021-06-16T15:20:52","guid":{"rendered":"https:\/\/eldiariodesanpedro.com.ar\/sitio\/?p=94279"},"modified":"2021-06-16T12:20:56","modified_gmt":"2021-06-16T15:20:56","slug":"la-cooperadora-del-hospital-recibio-donaciones-del-un-grupo-de-comerciantes-autoconvocados","status":"publish","type":"post","link":"https:\/\/eldiariodesanpedro.com.ar\/sitio\/la-cooperadora-del-hospital-recibio-donaciones-del-un-grupo-de-comerciantes-autoconvocados\/","title":{"rendered":"La Cooperadora del Hospital recibi\u00f3 donaciones del un grupo de comerciantes autoconvocados"},"content":{"rendered":"<!-- VideographyWP Plugin Message: Automatic video embedding prevented by plugin options. -->\n\n<p>En la ma\u00f1ana de hoy en el Hospital de nuestra ciudad se realizo la donaci\u00f3n por parte de un grupo de vecinos auto convocados que se denominan Comerciantes Unidos de San Pedro.<\/p>\n\n\n\n<p>Tras las restricciones de fase 1 que hab\u00eda decretado el Gobierno Nacional con un DNU, un importante grupo de comerciantes que no estaban dispuestos a cerrar sus puertas realizaron un grupo de WhatsApp por donde organizaron una concurrida caravana en autom\u00f3viles como reclamo para poder trabajar respetando los protocolos, desde ese momento estos emprendedores de la ciudad crearon una asociaci\u00f3n denominada CUSP (Comerciantes Unidos de Sam Pedro).<\/p>\n\n\n\n<p>Este grupo de comerciantes realizo una donaci\u00f3n este mi\u00e9rcoles a las 11 hs al hospital local de 1 Electrocardi\u00f3grafo DJ, 29 Juegos de sabanas hospitalarias, 29 frazadas de 1 plaza, todo por un valor de 130 mil pesos. Adem\u00e1s alguno de los comerciantes donaron particularmente 1 term\u00f3metro pistola digital, 6 conjuntos de toallas y toallones blancos y 6 toallones blancos.<\/p>\n\n\n\n<p><\/p>\n\n\n\n<figure class=\"wp-block-image size-large\"><img decoding=\"async\" width=\"742\" height=\"1024\" data-attachment-id=\"94280\" data-permalink=\"https:\/\/eldiariodesanpedro.com.ar\/sitio\/la-cooperadora-del-hospital-recibio-donaciones-del-un-grupo-de-comerciantes-autoconvocados\/whatsapp-image-2021-06-15-at-11-16-12\/\" data-orig-file=\"https:\/\/eldiariodesanpedro.com.ar\/sitio\/wp-content\/uploads\/2021\/06\/WhatsApp-Image-2021-06-15-at-11.16.12.jpeg\" data-orig-size=\"928,1280\" data-comments-opened=\"1\" data-image-meta=\"{&quot;aperture&quot;:&quot;0&quot;,&quot;credit&quot;:&quot;&quot;,&quot;camera&quot;:&quot;&quot;,&quot;caption&quot;:&quot;&quot;,&quot;created_timestamp&quot;:&quot;0&quot;,&quot;copyright&quot;:&quot;&quot;,&quot;focal_length&quot;:&quot;0&quot;,&quot;iso&quot;:&quot;0&quot;,&quot;shutter_speed&quot;:&quot;0&quot;,&quot;title&quot;:&quot;&quot;,&quot;orientation&quot;:&quot;0&quot;}\" data-image-title=\"WhatsApp-Image-2021-06-15-at-11.16.12\" data-image-description=\"\" data-image-caption=\"\" data-large-file=\"https:\/\/eldiariodesanpedro.com.ar\/sitio\/wp-content\/uploads\/2021\/06\/WhatsApp-Image-2021-06-15-at-11.16.12-742x1024.jpeg\" data-src=\"https:\/\/eldiariodesanpedro.com.ar\/sitio\/wp-content\/uploads\/2021\/06\/WhatsApp-Image-2021-06-15-at-11.16.12-742x1024.jpeg\" alt=\"\" class=\"wp-image-94280 lazyload\" data-srcset=\"https:\/\/eldiariodesanpedro.com.ar\/sitio\/wp-content\/uploads\/2021\/06\/WhatsApp-Image-2021-06-15-at-11.16.12-742x1024.jpeg 742w, https:\/\/eldiariodesanpedro.com.ar\/sitio\/wp-content\/uploads\/2021\/06\/WhatsApp-Image-2021-06-15-at-11.16.12-218x300.jpeg 218w, https:\/\/eldiariodesanpedro.com.ar\/sitio\/wp-content\/uploads\/2021\/06\/WhatsApp-Image-2021-06-15-at-11.16.12-768x1059.jpeg 768w, https:\/\/eldiariodesanpedro.com.ar\/sitio\/wp-content\/uploads\/2021\/06\/WhatsApp-Image-2021-06-15-at-11.16.12.jpeg 928w\" data-sizes=\"(max-width: 742px) 100vw, 742px\" src=\"data:image\/svg+xml;base64,PHN2ZyB3aWR0aD0iMSIgaGVpZ2h0PSIxIiB4bWxucz0iaHR0cDovL3d3dy53My5vcmcvMjAwMC9zdmciPjwvc3ZnPg==\" style=\"--smush-placeholder-width: 742px; --smush-placeholder-aspect-ratio: 742\/1024;\" \/><\/figure>\n","protected":false},"excerpt":{"rendered":"<p>En la ma\u00f1ana de hoy en el Hospital de nuestra ciudad se realizo la donaci\u00f3n por parte de un grupo de vecinos auto convocados que se denominan Comerciantes Unidos de San Pedro. Tras las restricciones de fase 1 que hab\u00eda decretado el Gobierno Nacional con un DNU, un importante grupo de comerciantes que no estaban [&hellip;]<\/p>\n","protected":false},"author":4,"featured_media":94281,"comment_status":"open","ping_status":"closed","sticky":false,"template":"","format":"standard","meta":{"om_disable_all_campaigns":false,"_jetpack_memberships_contains_paid_content":false,"footnotes":""},"categories":[50,101,2],"tags":[],"class_list":["post-94279","post","type-post","status-publish","format-standard","has-post-thumbnail","hentry","category-destacadas","category-interes-general-locales","category-locales"],"aioseo_notices":[],"gutentor_comment":0,"jetpack_featured_media_url":"https:\/\/eldiariodesanpedro.com.ar\/sitio\/wp-content\/uploads\/2021\/06\/WhatsApp-Image-2021-06-16-at-11.36.39.jpeg","jetpack_shortlink":"https:\/\/wp.me\/p6RhLt-owD","jetpack_sharing_enabled":true,"_links":{"self":[{"href":"https:\/\/eldiariodesanpedro.com.ar\/sitio\/wp-json\/wp\/v2\/posts\/94279","targetHints":{"allow":["GET"]}}],"collection":[{"href":"https:\/\/eldiariodesanpedro.com.ar\/sitio\/wp-json\/wp\/v2\/posts"}],"about":[{"href":"https:\/\/eldiariodesanpedro.com.ar\/sitio\/wp-json\/wp\/v2\/types\/post"}],"author":[{"embeddable":true,"href":"https:\/\/eldiariodesanpedro.com.ar\/sitio\/wp-json\/wp\/v2\/users\/4"}],"replies":[{"embeddable":true,"href":"https:\/\/eldiariodesanpedro.com.ar\/sitio\/wp-json\/wp\/v2\/comments?post=94279"}],"version-history":[{"count":1,"href":"https:\/\/eldiariodesanpedro.com.ar\/sitio\/wp-json\/wp\/v2\/posts\/94279\/revisions"}],"predecessor-version":[{"id":94282,"href":"https:\/\/eldiariodesanpedro.com.ar\/sitio\/wp-json\/wp\/v2\/posts\/94279\/revisions\/94282"}],"wp:featuredmedia":[{"embeddable":true,"href":"https:\/\/eldiariodesanpedro.com.ar\/sitio\/wp-json\/wp\/v2\/media\/94281"}],"wp:attachment":[{"href":"https:\/\/eldiariodesanpedro.com.ar\/sitio\/wp-json\/wp\/v2\/media?parent=94279"}],"wp:term":[{"taxonomy":"category","embeddable":true,"href":"https:\/\/eldiariodesanpedro.com.ar\/sitio\/wp-json\/wp\/v2\/categories?post=94279"},{"taxonomy":"post_tag","embeddable":true,"href":"https:\/\/eldiariodesanpedro.com.ar\/sitio\/wp-json\/wp\/v2\/tags?post=94279"}],"curies":[{"name":"wp","href":"https:\/\/api.w.org\/{rel}","templated":true}]}}