{"id":94269,"date":"2021-06-16T10:35:20","date_gmt":"2021-06-16T13:35:20","guid":{"rendered":"https:\/\/eldiariodesanpedro.com.ar\/sitio\/?p=94269"},"modified":"2021-06-16T10:35:24","modified_gmt":"2021-06-16T13:35:24","slug":"habilitan-eventos-religiosos-en-lugares-cerrados-con-un-aforo-del-30-por-ciento","status":"publish","type":"post","link":"https:\/\/eldiariodesanpedro.com.ar\/sitio\/habilitan-eventos-religiosos-en-lugares-cerrados-con-un-aforo-del-30-por-ciento\/","title":{"rendered":"Habilitan eventos religiosos en lugares cerrados, con un aforo del 30 por ciento"},"content":{"rendered":"<!-- VideographyWP Plugin Message: Automatic video embedding prevented by plugin options. -->\n\n<p>Los eventos religiosos en iglesias y lugares cerrados podr\u00e1n realizarse respetando, como m\u00e1ximo, un aforo del 30 por ciento en zonas de alarma y de alto riesgo epidemiol\u00f3gico y sanitario por el coronavirus, seg\u00fan dispuso el Gobierno nacional a trav\u00e9s de la Decisi\u00f3n Administrativa 593\/2021, publicada hoy en el Bolet\u00edn Oficial.<\/p>\n\n\n\n<p>La decisi\u00f3n -tal como inform\u00f3 T\u00e9lam- lleva la firma del jefe de Gabinete, Santiago Cafiero; y de la ministra de Salud, Carla Vizzotti.<\/p>\n\n\n\n<p>La medida se adopt\u00f3 tras evaluar un pedido de los diferentes credos ante la Secretar\u00eda de Culto, que conduce Guillermo Oliveri, quien tramit\u00f3 la solicitud ante la Jefatura de Gabinete.<\/p>\n\n\n\n<p>El art\u00edculo 1 de la norma dispone que se except\u00faa de \u00abla suspensi\u00f3n dispuesta en el inciso e) del art\u00edculo 16 del Decreto N\u00b0 287\/21, prorrogado por sus similares N\u00b0 334 y N\u00b0 381\/21, en los lugares considerados como de alto riesgo epidemiol\u00f3gico y sanitario y en situaci\u00f3n de alarma epidemiol\u00f3gica y sanitaria, a la realizaci\u00f3n de eventos religiosos en lugares cerrados donde deber\u00e1 observarse, como m\u00e1ximo, un 30 % de aforo\u00bb.<\/p>\n\n\n\n<p>En el art\u00edculo siguiente se aclara que quienes asistan deben cumplir con las \u00abReglas de Conducta Generales y Obligatorias para disminuir el riesgo de contagio de COVID-19 y de los protocolos vigentes en cada jurisdicci\u00f3n\u00bb.<\/p>\n\n\n\n<p>Asimismo, los participantes deben asistir con tapabocas, mantener el distanciamiento social, cuidar el lavado de manos, mantener la sanitizaci\u00f3n del lugar y tener disponible alcohol en gel.<\/p>\n\n\n\n<p>Esta medida se da en el marco de la importancia de \u00abampliar, reducir o suspender las normas previstas, de acuerdo a la evaluaci\u00f3n del riesgo epidemiol\u00f3gico y sanitario, previa intervenci\u00f3n de la autoridad sanitaria nacional\u00bb.<\/p>\n","protected":false},"excerpt":{"rendered":"<p>Los eventos religiosos en iglesias y lugares cerrados podr\u00e1n realizarse respetando, como m\u00e1ximo, un aforo del 30 por ciento en zonas de alarma y de alto riesgo epidemiol\u00f3gico y sanitario por el coronavirus, seg\u00fan dispuso el Gobierno nacional a trav\u00e9s de la Decisi\u00f3n Administrativa 593\/2021, publicada hoy en el Bolet\u00edn Oficial. La decisi\u00f3n -tal como [&hellip;]<\/p>\n","protected":false},"author":4,"featured_media":94270,"comment_status":"open","ping_status":"closed","sticky":false,"template":"","format":"standard","meta":{"om_disable_all_campaigns":false,"_jetpack_memberships_contains_paid_content":false,"footnotes":""},"categories":[101,2],"tags":[],"class_list":["post-94269","post","type-post","status-publish","format-standard","has-post-thumbnail","hentry","category-interes-general-locales","category-locales"],"aioseo_notices":[],"gutentor_comment":0,"jetpack_featured_media_url":"https:\/\/eldiariodesanpedro.com.ar\/sitio\/wp-content\/uploads\/2021\/06\/129698_3.jpg","jetpack_shortlink":"https:\/\/wp.me\/p6RhLt-owt","jetpack_sharing_enabled":true,"_links":{"self":[{"href":"https:\/\/eldiariodesanpedro.com.ar\/sitio\/wp-json\/wp\/v2\/posts\/94269","targetHints":{"allow":["GET"]}}],"collection":[{"href":"https:\/\/eldiariodesanpedro.com.ar\/sitio\/wp-json\/wp\/v2\/posts"}],"about":[{"href":"https:\/\/eldiariodesanpedro.com.ar\/sitio\/wp-json\/wp\/v2\/types\/post"}],"author":[{"embeddable":true,"href":"https:\/\/eldiariodesanpedro.com.ar\/sitio\/wp-json\/wp\/v2\/users\/4"}],"replies":[{"embeddable":true,"href":"https:\/\/eldiariodesanpedro.com.ar\/sitio\/wp-json\/wp\/v2\/comments?post=94269"}],"version-history":[{"count":1,"href":"https:\/\/eldiariodesanpedro.com.ar\/sitio\/wp-json\/wp\/v2\/posts\/94269\/revisions"}],"predecessor-version":[{"id":94271,"href":"https:\/\/eldiariodesanpedro.com.ar\/sitio\/wp-json\/wp\/v2\/posts\/94269\/revisions\/94271"}],"wp:featuredmedia":[{"embeddable":true,"href":"https:\/\/eldiariodesanpedro.com.ar\/sitio\/wp-json\/wp\/v2\/media\/94270"}],"wp:attachment":[{"href":"https:\/\/eldiariodesanpedro.com.ar\/sitio\/wp-json\/wp\/v2\/media?parent=94269"}],"wp:term":[{"taxonomy":"category","embeddable":true,"href":"https:\/\/eldiariodesanpedro.com.ar\/sitio\/wp-json\/wp\/v2\/categories?post=94269"},{"taxonomy":"post_tag","embeddable":true,"href":"https:\/\/eldiariodesanpedro.com.ar\/sitio\/wp-json\/wp\/v2\/tags?post=94269"}],"curies":[{"name":"wp","href":"https:\/\/api.w.org\/{rel}","templated":true}]}}