{"id":94260,"date":"2021-06-15T20:35:10","date_gmt":"2021-06-15T23:35:10","guid":{"rendered":"https:\/\/eldiariodesanpedro.com.ar\/sitio\/?p=94260"},"modified":"2021-06-15T20:35:15","modified_gmt":"2021-06-15T23:35:15","slug":"salazar-junto-a-intendentes-y-legisladores-del-frente-de-todos-en-pergamino","status":"publish","type":"post","link":"https:\/\/eldiariodesanpedro.com.ar\/sitio\/salazar-junto-a-intendentes-y-legisladores-del-frente-de-todos-en-pergamino\/","title":{"rendered":"Salazar junto a Intendentes y Legisladores del Frente de Todos en Pergamino"},"content":{"rendered":"<!-- VideographyWP Plugin Message: Automatic video embedding prevented by plugin options. -->\n\n<p>El Intendente de San Pedro Cecilio Salazar particip\u00f3 este martes en Pergamino, de la inauguraci\u00f3n de un nuevo tramo de autopista sobre la Ruta 8 y de un importante encuentro con funcionarios nacionales y provinciales, junto a intendentes y legisladores del Frente de Todos.<\/p>\n\n\n\n<p>Sobre la nueva traza de la autopista y en un acto que fue encabezado por el ministro de Obras P\u00fablicas, Gabriel Katopodis; el ministro del Interior, Eduardo De Pedro; el gobernador de Buenos Aires, Axel Kicillof; y el administrador de Vialidad Nacional, Gustavo Arrieta, comparti\u00f3 la inauguraci\u00f3n de esta obra de 22 kil\u00f3metros, trascendente para mejorar la circulaci\u00f3n en una zona estrat\u00e9gica de la regi\u00f3n.<\/p>\n\n\n\n<p>Luego, en la Estancia \u00abLas Invernadas\u00bb, comparti\u00f3 una reuni\u00f3n junto a representantes de los gobiernos de Naci\u00f3n y Provincia, legisladores e intendentes de la Segunda Secci\u00f3n Electoral del Frente de Todos, con quienes se sigue fortaleciendo un v\u00ednculo fundamental para la proyecci\u00f3n estrat\u00e9gica de nuestra zona, aunando esfuerzos para concretar proyectos para el Partido de San Pedro.<\/p>\n\n\n\n<p>Las sucesivas reuniones mantenidas durante todos estos meses y la voluntad expresada de compartir junto a los referentes del Frente de Todos una nueva etapa de trabajo y gesti\u00f3n tuvieron en este encuentro una gran recepci\u00f3n por parte de intendentes y legisladores que ya reconocen tanto en la figura del Intendente como en el gobierno de San Pedro un componente muy importante y valorado para seguir potenciando a la regi\u00f3n.<\/p>\n\n\n\n<p>Cabe destacar que desde que se retomaron estas gestiones, San Pedro ya ha comenzado a contar con obras muy importantes, con pavimentaci\u00f3n de cuadras concretadas, otras a punto de iniciarse, obras de infraestructura y numerosos proyectos a trav\u00e9s de diferentes programas. Dentro de estos proyectos figuran la repavimentaci\u00f3n del acceso a Gobernador Castro que comenzar\u00e1 la pr\u00f3xima semana y la licitaci\u00f3n para la repavimentaci\u00f3n de la Ruta 191 entre las rutas 8 y 9 de inminente resoluci\u00f3n.<\/p>\n\n\n\n<figure class=\"wp-block-image size-large\"><img decoding=\"async\" width=\"1024\" height=\"677\" data-attachment-id=\"94262\" data-permalink=\"https:\/\/eldiariodesanpedro.com.ar\/sitio\/salazar-junto-a-intendentes-y-legisladores-del-frente-de-todos-en-pergamino\/whatsapp-image-2021-06-15-at-20-24-12\/\" data-orig-file=\"https:\/\/eldiariodesanpedro.com.ar\/sitio\/wp-content\/uploads\/2021\/06\/WhatsApp-Image-2021-06-15-at-20.24.12.jpeg\" data-orig-size=\"1280,846\" data-comments-opened=\"1\" data-image-meta=\"{&quot;aperture&quot;:&quot;0&quot;,&quot;credit&quot;:&quot;&quot;,&quot;camera&quot;:&quot;&quot;,&quot;caption&quot;:&quot;&quot;,&quot;created_timestamp&quot;:&quot;0&quot;,&quot;copyright&quot;:&quot;&quot;,&quot;focal_length&quot;:&quot;0&quot;,&quot;iso&quot;:&quot;0&quot;,&quot;shutter_speed&quot;:&quot;0&quot;,&quot;title&quot;:&quot;&quot;,&quot;orientation&quot;:&quot;0&quot;}\" data-image-title=\"WhatsApp Image 2021-06-15 at 20.24.12\" data-image-description=\"\" data-image-caption=\"\" data-large-file=\"https:\/\/eldiariodesanpedro.com.ar\/sitio\/wp-content\/uploads\/2021\/06\/WhatsApp-Image-2021-06-15-at-20.24.12-1024x677.jpeg\" data-src=\"https:\/\/eldiariodesanpedro.com.ar\/sitio\/wp-content\/uploads\/2021\/06\/WhatsApp-Image-2021-06-15-at-20.24.12-1024x677.jpeg\" alt=\"\" class=\"wp-image-94262 lazyload\" data-srcset=\"https:\/\/eldiariodesanpedro.com.ar\/sitio\/wp-content\/uploads\/2021\/06\/WhatsApp-Image-2021-06-15-at-20.24.12-1024x677.jpeg 1024w, https:\/\/eldiariodesanpedro.com.ar\/sitio\/wp-content\/uploads\/2021\/06\/WhatsApp-Image-2021-06-15-at-20.24.12-300x198.jpeg 300w, https:\/\/eldiariodesanpedro.com.ar\/sitio\/wp-content\/uploads\/2021\/06\/WhatsApp-Image-2021-06-15-at-20.24.12-768x508.jpeg 768w, https:\/\/eldiariodesanpedro.com.ar\/sitio\/wp-content\/uploads\/2021\/06\/WhatsApp-Image-2021-06-15-at-20.24.12.jpeg 1280w\" data-sizes=\"(max-width: 1024px) 100vw, 1024px\" src=\"data:image\/svg+xml;base64,PHN2ZyB3aWR0aD0iMSIgaGVpZ2h0PSIxIiB4bWxucz0iaHR0cDovL3d3dy53My5vcmcvMjAwMC9zdmciPjwvc3ZnPg==\" style=\"--smush-placeholder-width: 1024px; --smush-placeholder-aspect-ratio: 1024\/677;\" \/><\/figure>\n","protected":false},"excerpt":{"rendered":"<p>El Intendente de San Pedro Cecilio Salazar particip\u00f3 este martes en Pergamino, de la inauguraci\u00f3n de un nuevo tramo de autopista sobre la Ruta 8 y de un importante encuentro con funcionarios nacionales y provinciales, junto a intendentes y legisladores del Frente de Todos. Sobre la nueva traza de la autopista y en un acto [&hellip;]<\/p>\n","protected":false},"author":4,"featured_media":94261,"comment_status":"open","ping_status":"closed","sticky":false,"template":"","format":"standard","meta":{"om_disable_all_campaigns":false,"_jetpack_memberships_contains_paid_content":false,"footnotes":""},"categories":[50,2,102],"tags":[],"class_list":["post-94260","post","type-post","status-publish","format-standard","has-post-thumbnail","hentry","category-destacadas","category-locales","category-politica-locales"],"aioseo_notices":[],"gutentor_comment":0,"jetpack_featured_media_url":"https:\/\/eldiariodesanpedro.com.ar\/sitio\/wp-content\/uploads\/2021\/06\/WhatsApp-Image-2021-06-15-at-20.24.11.jpeg","jetpack_shortlink":"https:\/\/wp.me\/p6RhLt-owk","jetpack_sharing_enabled":true,"_links":{"self":[{"href":"https:\/\/eldiariodesanpedro.com.ar\/sitio\/wp-json\/wp\/v2\/posts\/94260","targetHints":{"allow":["GET"]}}],"collection":[{"href":"https:\/\/eldiariodesanpedro.com.ar\/sitio\/wp-json\/wp\/v2\/posts"}],"about":[{"href":"https:\/\/eldiariodesanpedro.com.ar\/sitio\/wp-json\/wp\/v2\/types\/post"}],"author":[{"embeddable":true,"href":"https:\/\/eldiariodesanpedro.com.ar\/sitio\/wp-json\/wp\/v2\/users\/4"}],"replies":[{"embeddable":true,"href":"https:\/\/eldiariodesanpedro.com.ar\/sitio\/wp-json\/wp\/v2\/comments?post=94260"}],"version-history":[{"count":1,"href":"https:\/\/eldiariodesanpedro.com.ar\/sitio\/wp-json\/wp\/v2\/posts\/94260\/revisions"}],"predecessor-version":[{"id":94263,"href":"https:\/\/eldiariodesanpedro.com.ar\/sitio\/wp-json\/wp\/v2\/posts\/94260\/revisions\/94263"}],"wp:featuredmedia":[{"embeddable":true,"href":"https:\/\/eldiariodesanpedro.com.ar\/sitio\/wp-json\/wp\/v2\/media\/94261"}],"wp:attachment":[{"href":"https:\/\/eldiariodesanpedro.com.ar\/sitio\/wp-json\/wp\/v2\/media?parent=94260"}],"wp:term":[{"taxonomy":"category","embeddable":true,"href":"https:\/\/eldiariodesanpedro.com.ar\/sitio\/wp-json\/wp\/v2\/categories?post=94260"},{"taxonomy":"post_tag","embeddable":true,"href":"https:\/\/eldiariodesanpedro.com.ar\/sitio\/wp-json\/wp\/v2\/tags?post=94260"}],"curies":[{"name":"wp","href":"https:\/\/api.w.org\/{rel}","templated":true}]}}