{"id":94249,"date":"2021-06-15T18:43:29","date_gmt":"2021-06-15T21:43:29","guid":{"rendered":"https:\/\/eldiariodesanpedro.com.ar\/sitio\/?p=94249"},"modified":"2021-06-15T18:43:34","modified_gmt":"2021-06-15T21:43:34","slug":"baradero-violador-con-cuatro-anos-de-prision-le-otorgaron-prision-domiciliaria-para-completar-la-condena","status":"publish","type":"post","link":"https:\/\/eldiariodesanpedro.com.ar\/sitio\/baradero-violador-con-cuatro-anos-de-prision-le-otorgaron-prision-domiciliaria-para-completar-la-condena\/","title":{"rendered":"BARADERO | Violador con cuatro a\u00f1os de prisi\u00f3n le otorgaron prisi\u00f3n domiciliaria para completar la condena"},"content":{"rendered":"<!-- VideographyWP Plugin Message: Automatic video embedding prevented by plugin options. -->\n\n<p>Se trata del violador Wenceslao \u2018Chaque\u00f1o\u2019 Ju\u00e1rez quien fue condenado a 15 a\u00f1os de prisi\u00f3n.<\/p>\n\n\n\n<p>Recordamos que es un caso que ocurri\u00f3 en octubre del 2017 cuando se lo encuentra a este sujeto abusando de una menor de 12 a\u00f1os, la cual estaba bajo su custodia.<\/p>\n\n\n\n<p>El episodio ocurri\u00f3 en un campo de ca\u00f1averales que est\u00e1 ubicado en cercan\u00edas a uno de los accesos a Baradero.<\/p>\n\n\n\n<p>A d\u00eda de hoy le otorgaron prisi\u00f3n domiciliaria con tobillera electr\u00f3nica, no cumpli\u00f3 ni cuatro a\u00f1os de prisi\u00f3n de su sentencia. <\/p>\n\n\n\n<p>El barrio en el que se encuentra cumpliendo el arresto domiciliario est\u00e1 conmocionado. La causa y la responsabilidad de esta decisi\u00f3n est\u00e1 a cargo del Juzgado de Ejecuci\u00f3n San Nicol\u00e1s, Z\u00e1rate y Campana.<\/p>\n\n\n\n<p>Fuente: <a href=\"https:\/\/www.facebook.com\/fmtiempo1035\">Fm Tiempo<\/a><\/p>\n","protected":false},"excerpt":{"rendered":"<p>Se trata del violador Wenceslao \u2018Chaque\u00f1o\u2019 Ju\u00e1rez quien fue condenado a 15 a\u00f1os de prisi\u00f3n. Recordamos que es un caso que ocurri\u00f3 en octubre del 2017 cuando se lo encuentra a este sujeto abusando de una menor de 12 a\u00f1os, la cual estaba bajo su custodia. El episodio ocurri\u00f3 en un campo de ca\u00f1averales que [&hellip;]<\/p>\n","protected":false},"author":4,"featured_media":94250,"comment_status":"open","ping_status":"closed","sticky":false,"template":"","format":"standard","meta":{"om_disable_all_campaigns":false,"_jetpack_memberships_contains_paid_content":false,"footnotes":""},"categories":[621],"tags":[],"class_list":["post-94249","post","type-post","status-publish","format-standard","has-post-thumbnail","hentry","category-regionales"],"aioseo_notices":[],"gutentor_comment":0,"jetpack_featured_media_url":"https:\/\/eldiariodesanpedro.com.ar\/sitio\/wp-content\/uploads\/2021\/06\/200367854_1723321714522491_9038327423228501047_n.jpg","jetpack_shortlink":"https:\/\/wp.me\/p6RhLt-ow9","jetpack_sharing_enabled":true,"_links":{"self":[{"href":"https:\/\/eldiariodesanpedro.com.ar\/sitio\/wp-json\/wp\/v2\/posts\/94249","targetHints":{"allow":["GET"]}}],"collection":[{"href":"https:\/\/eldiariodesanpedro.com.ar\/sitio\/wp-json\/wp\/v2\/posts"}],"about":[{"href":"https:\/\/eldiariodesanpedro.com.ar\/sitio\/wp-json\/wp\/v2\/types\/post"}],"author":[{"embeddable":true,"href":"https:\/\/eldiariodesanpedro.com.ar\/sitio\/wp-json\/wp\/v2\/users\/4"}],"replies":[{"embeddable":true,"href":"https:\/\/eldiariodesanpedro.com.ar\/sitio\/wp-json\/wp\/v2\/comments?post=94249"}],"version-history":[{"count":1,"href":"https:\/\/eldiariodesanpedro.com.ar\/sitio\/wp-json\/wp\/v2\/posts\/94249\/revisions"}],"predecessor-version":[{"id":94251,"href":"https:\/\/eldiariodesanpedro.com.ar\/sitio\/wp-json\/wp\/v2\/posts\/94249\/revisions\/94251"}],"wp:featuredmedia":[{"embeddable":true,"href":"https:\/\/eldiariodesanpedro.com.ar\/sitio\/wp-json\/wp\/v2\/media\/94250"}],"wp:attachment":[{"href":"https:\/\/eldiariodesanpedro.com.ar\/sitio\/wp-json\/wp\/v2\/media?parent=94249"}],"wp:term":[{"taxonomy":"category","embeddable":true,"href":"https:\/\/eldiariodesanpedro.com.ar\/sitio\/wp-json\/wp\/v2\/categories?post=94249"},{"taxonomy":"post_tag","embeddable":true,"href":"https:\/\/eldiariodesanpedro.com.ar\/sitio\/wp-json\/wp\/v2\/tags?post=94249"}],"curies":[{"name":"wp","href":"https:\/\/api.w.org\/{rel}","templated":true}]}}