{"id":94246,"date":"2021-06-15T18:16:10","date_gmt":"2021-06-15T21:16:10","guid":{"rendered":"https:\/\/eldiariodesanpedro.com.ar\/sitio\/?p=94246"},"modified":"2021-06-15T18:16:14","modified_gmt":"2021-06-15T21:16:14","slug":"las-embarazadas-de-todo-el-pais-tendran-prioridad-para-ser-vacunadas","status":"publish","type":"post","link":"https:\/\/eldiariodesanpedro.com.ar\/sitio\/las-embarazadas-de-todo-el-pais-tendran-prioridad-para-ser-vacunadas\/","title":{"rendered":"Las embarazadas de todo el pa\u00eds tendr\u00e1n prioridad para ser vacunadas"},"content":{"rendered":"<!-- VideographyWP Plugin Message: Automatic video embedding prevented by plugin options. -->\n\n<p>La ministra de Salud de la Naci\u00f3n, Carla Vizzotti, anunci\u00f3 este mediod\u00eda que se acord\u00f3 con todos los distritos incorporar a las embarazadas de todo el pa\u00eds a plan de vacunaci\u00f3n nacional.<\/p>\n\n\n\n<p>Desde el CCK, donde se instal\u00f3 un vacunatorio para aplicar el f\u00e1rmaco contra el coronavirus a personal de las fuerzas amadas y de seguridad, la funcionario explic\u00f3 que durante una reuni\u00f3n del Consejo Federal de Salud (COFESA), se acord\u00f3 la prioridad de vacunaci\u00f3n de todas las personas gestantes con indicaci\u00f3n individual de su m\u00e9dico tratante.<\/p>\n\n\n\n<p>\u201cYa estaba vigente la vacunaci\u00f3n de personas gestantes con condiciones de riesgo desde febrero. En el contexto de aumento de casos (en embarazadas) y ante la evidencia de seguridad las vacunas, es que se decidi\u00f3 incorporarlas\u201d, en el plan nacional de vacunaci\u00f3n, explic\u00f3 Vizzotti.<\/p>\n\n\n\n<p>Sobre el final de la conferencia, la funcionaria aclar\u00f3 que las que se incorporan ahora son las personas gestantes sin comorbilidades: \u201cLa recomendaci\u00f3n y conducta que se consensu\u00f3 es que desde febrero las personas gestantes con comorbilidades estaban incorporadas y ahora las sin comorbilidades, luego de la evaluaci\u00f3n individual de su m\u00e9dico de cabecera, puedan recibir la dosis contra la COVID-19 en funci\u00f3n de la informaci\u00f3n de seguridad y eficacia que tiene\u201d.<\/p>\n\n\n\n<p>Fuente: <a href=\"https:\/\/www.enlacecritico.com\/destacados\/las-embarazadas-de-todo-el-pais-tendran-prioridad-para-ser-vacunadas\/\">Enlace Critico<\/a><\/p>\n","protected":false},"excerpt":{"rendered":"<p>La ministra de Salud de la Naci\u00f3n, Carla Vizzotti, anunci\u00f3 este mediod\u00eda que se acord\u00f3 con todos los distritos incorporar a las embarazadas de todo el pa\u00eds a plan de vacunaci\u00f3n nacional. Desde el CCK, donde se instal\u00f3 un vacunatorio para aplicar el f\u00e1rmaco contra el coronavirus a personal de las fuerzas amadas y de [&hellip;]<\/p>\n","protected":false},"author":4,"featured_media":94247,"comment_status":"open","ping_status":"closed","sticky":false,"template":"","format":"standard","meta":{"om_disable_all_campaigns":false,"_jetpack_memberships_contains_paid_content":false,"footnotes":""},"categories":[621],"tags":[],"class_list":["post-94246","post","type-post","status-publish","format-standard","has-post-thumbnail","hentry","category-regionales"],"aioseo_notices":[],"gutentor_comment":0,"jetpack_featured_media_url":"https:\/\/eldiariodesanpedro.com.ar\/sitio\/wp-content\/uploads\/2021\/06\/embarazada.jpg","jetpack_shortlink":"https:\/\/wp.me\/p6RhLt-ow6","jetpack_sharing_enabled":true,"_links":{"self":[{"href":"https:\/\/eldiariodesanpedro.com.ar\/sitio\/wp-json\/wp\/v2\/posts\/94246","targetHints":{"allow":["GET"]}}],"collection":[{"href":"https:\/\/eldiariodesanpedro.com.ar\/sitio\/wp-json\/wp\/v2\/posts"}],"about":[{"href":"https:\/\/eldiariodesanpedro.com.ar\/sitio\/wp-json\/wp\/v2\/types\/post"}],"author":[{"embeddable":true,"href":"https:\/\/eldiariodesanpedro.com.ar\/sitio\/wp-json\/wp\/v2\/users\/4"}],"replies":[{"embeddable":true,"href":"https:\/\/eldiariodesanpedro.com.ar\/sitio\/wp-json\/wp\/v2\/comments?post=94246"}],"version-history":[{"count":1,"href":"https:\/\/eldiariodesanpedro.com.ar\/sitio\/wp-json\/wp\/v2\/posts\/94246\/revisions"}],"predecessor-version":[{"id":94248,"href":"https:\/\/eldiariodesanpedro.com.ar\/sitio\/wp-json\/wp\/v2\/posts\/94246\/revisions\/94248"}],"wp:featuredmedia":[{"embeddable":true,"href":"https:\/\/eldiariodesanpedro.com.ar\/sitio\/wp-json\/wp\/v2\/media\/94247"}],"wp:attachment":[{"href":"https:\/\/eldiariodesanpedro.com.ar\/sitio\/wp-json\/wp\/v2\/media?parent=94246"}],"wp:term":[{"taxonomy":"category","embeddable":true,"href":"https:\/\/eldiariodesanpedro.com.ar\/sitio\/wp-json\/wp\/v2\/categories?post=94246"},{"taxonomy":"post_tag","embeddable":true,"href":"https:\/\/eldiariodesanpedro.com.ar\/sitio\/wp-json\/wp\/v2\/tags?post=94246"}],"curies":[{"name":"wp","href":"https:\/\/api.w.org\/{rel}","templated":true}]}}