{"id":94211,"date":"2021-06-15T11:10:37","date_gmt":"2021-06-15T14:10:37","guid":{"rendered":"https:\/\/eldiariodesanpedro.com.ar\/sitio\/?p=94211"},"modified":"2021-06-15T11:10:42","modified_gmt":"2021-06-15T14:10:42","slug":"larga-espera-cuando-llega-el-bono-a-trabajadores-de-la-salud","status":"publish","type":"post","link":"https:\/\/eldiariodesanpedro.com.ar\/sitio\/larga-espera-cuando-llega-el-bono-a-trabajadores-de-la-salud\/","title":{"rendered":"Larga espera: cu\u00e1ndo llega el bono a trabajadores de la salud"},"content":{"rendered":"<!-- VideographyWP Plugin Message: Automatic video embedding prevented by plugin options. -->\n\n<p>El Gobierno nacional estableci\u00f3 a fines de mayo el pago de una asignaci\u00f3n est\u00edmulo por la prestaci\u00f3n de servicios al personal de salud, en el contexto de la pandemia, por tres meses consecutivos, y por un monto de 6.500 pesos. Al momento crece la incertidumbre y los bolsillos esperan el desembolso.<\/p>\n\n\n\n<p>El Gobierno nacional estableci\u00f3 a fines de mayo el pago de una asignaci\u00f3n est\u00edmulo por la prestaci\u00f3n de servicios al personal de salud, en el contexto de la pandemia, por tres meses consecutivos, y por un monto de 6.500 pesos. Al momento crece la incertidumbre y los bolsillos esperan el desembolso<\/p>\n\n\n\n<p>La decisi\u00f3n fue oficializada en el Decreto 332\/2021 publicado en el Bolet\u00edn Oficial, y establece \u00abel pago de la asignaci\u00f3n est\u00edmulo a la efectiva prestaci\u00f3n de servicios, otorgada por el art\u00edculo 1\u00b0 del Decreto N\u00ba 315 del 26 de marzo de 2020 y por el art\u00edculo 1\u00ba del Decreto N\u00b0 787 del 4 de octubre de 2020, por tres per\u00edodos mensuales y consecutivos\u00bb.<\/p>\n\n\n\n<p>La asignaci\u00f3n es de car\u00e1cter \u00abno remunerativo, alimentario y no podr\u00e1 ser pasible de deducciones o retenciones\u00bb, a\u00f1ade el texto firmado por el presidente Alberto Fern\u00e1ndez, el jefe de Gabinete, Santiago Cafiero; y la ministra de Salud, Carla Vizzotti.<\/p>\n\n\n\n<p>Tras el anuncio, la espera e incertidumbre comenz\u00f3 a hacerse notar en las redes sociales, donde diferentes usuarios, principalmente, trabajadores de la salud, comenzaron a hacer notar su malestar por la falta del incentivo anunciado.\u00a0<\/p>\n\n\n\n<p>El panorama no es diferente en la provincia de Buenos Aires. En di\u00e1logo con\u00a0<em><strong>LaTecla.Info,<\/strong><\/em>\u00a0Pablo Maciel, titular del gremio CICOP, se\u00f1al\u00f3: \u00abTuvimos hace pocos d\u00edas una reuni\u00f3n con el Ministerio de Salud de la naci\u00f3n por este tema y nos dijeron que el bono se cobra los \u00faltimos d\u00edas junio y los primeros de junio, pero todav\u00eda no lo cobramos\u00bb<\/p>\n\n\n\n<p>Fuente: <a href=\"https:\/\/www.latecla.info\/122144-larga-espera-cuando-llega-el-bono-a-trabajadores-de-la-\">La Tecla <\/a><\/p>\n","protected":false},"excerpt":{"rendered":"<p>El Gobierno nacional estableci\u00f3 a fines de mayo el pago de una asignaci\u00f3n est\u00edmulo por la prestaci\u00f3n de servicios al personal de salud, en el contexto de la pandemia, por tres meses consecutivos, y por un monto de 6.500 pesos. Al momento crece la incertidumbre y los bolsillos esperan el desembolso. El Gobierno nacional estableci\u00f3 [&hellip;]<\/p>\n","protected":false},"author":4,"featured_media":94212,"comment_status":"open","ping_status":"closed","sticky":false,"template":"","format":"standard","meta":{"om_disable_all_campaigns":false,"_jetpack_memberships_contains_paid_content":false,"footnotes":""},"categories":[621],"tags":[],"class_list":["post-94211","post","type-post","status-publish","format-standard","has-post-thumbnail","hentry","category-regionales"],"aioseo_notices":[],"gutentor_comment":0,"jetpack_featured_media_url":"https:\/\/eldiariodesanpedro.com.ar\/sitio\/wp-content\/uploads\/2021\/06\/129657_3.jpg","jetpack_shortlink":"https:\/\/wp.me\/p6RhLt-ovx","jetpack_sharing_enabled":true,"_links":{"self":[{"href":"https:\/\/eldiariodesanpedro.com.ar\/sitio\/wp-json\/wp\/v2\/posts\/94211","targetHints":{"allow":["GET"]}}],"collection":[{"href":"https:\/\/eldiariodesanpedro.com.ar\/sitio\/wp-json\/wp\/v2\/posts"}],"about":[{"href":"https:\/\/eldiariodesanpedro.com.ar\/sitio\/wp-json\/wp\/v2\/types\/post"}],"author":[{"embeddable":true,"href":"https:\/\/eldiariodesanpedro.com.ar\/sitio\/wp-json\/wp\/v2\/users\/4"}],"replies":[{"embeddable":true,"href":"https:\/\/eldiariodesanpedro.com.ar\/sitio\/wp-json\/wp\/v2\/comments?post=94211"}],"version-history":[{"count":1,"href":"https:\/\/eldiariodesanpedro.com.ar\/sitio\/wp-json\/wp\/v2\/posts\/94211\/revisions"}],"predecessor-version":[{"id":94213,"href":"https:\/\/eldiariodesanpedro.com.ar\/sitio\/wp-json\/wp\/v2\/posts\/94211\/revisions\/94213"}],"wp:featuredmedia":[{"embeddable":true,"href":"https:\/\/eldiariodesanpedro.com.ar\/sitio\/wp-json\/wp\/v2\/media\/94212"}],"wp:attachment":[{"href":"https:\/\/eldiariodesanpedro.com.ar\/sitio\/wp-json\/wp\/v2\/media?parent=94211"}],"wp:term":[{"taxonomy":"category","embeddable":true,"href":"https:\/\/eldiariodesanpedro.com.ar\/sitio\/wp-json\/wp\/v2\/categories?post=94211"},{"taxonomy":"post_tag","embeddable":true,"href":"https:\/\/eldiariodesanpedro.com.ar\/sitio\/wp-json\/wp\/v2\/tags?post=94211"}],"curies":[{"name":"wp","href":"https:\/\/api.w.org\/{rel}","templated":true}]}}