{"id":94208,"date":"2021-06-15T11:00:22","date_gmt":"2021-06-15T14:00:22","guid":{"rendered":"https:\/\/eldiariodesanpedro.com.ar\/sitio\/?p=94208"},"modified":"2021-06-15T11:00:27","modified_gmt":"2021-06-15T14:00:27","slug":"la-provincia-informo-que-san-pedro-continuara-en-fase-2-por-esta-semana","status":"publish","type":"post","link":"https:\/\/eldiariodesanpedro.com.ar\/sitio\/la-provincia-informo-que-san-pedro-continuara-en-fase-2-por-esta-semana\/","title":{"rendered":"La Provincia inform\u00f3 que San Pedro continuara en fase 2 por esta semana"},"content":{"rendered":"<!-- VideographyWP Plugin Message: Automatic video embedding prevented by plugin options. -->\n\n<p>A su turno el Jefe de Gabinete, Carlos Bianco, brind\u00f3 detalles del nuevo sistema de fases, los cambios, actividades permitidas y los par\u00e1metros que permitieron el retorno a las aulas. En esta misma l\u00ednea se\u00f1al\u00f3 que desde el Gobierno est\u00e1n tratando de hacer efectiva la compra con CanSino, con lo cual ya se aprob\u00f3 la aplicaci\u00f3n de la vacunaci\u00f3n y se espera el visto bueno con el gobierno chino para el env\u00edo del suministro. Sobre la vacuna Covaxin, el funcionario explic\u00f3 que se espera la aprobaci\u00f3n de Anmat.<\/p>\n\n\n\n<p>Respecto al sistema de fases, record\u00f3 el pase a fase 3 de la regi\u00f3n del AMBA, como tambi\u00e9n la vuelta a la presencialidad de las clases. \u00abLo estamos haciendo de la manera m\u00e1s cuidada posible, cumpliendo todos los protocolos, normativas y circulares de nuestra Direcci\u00f3n General de Cultura y Educaci\u00f3n y con tres medidas novedosas que tambi\u00e9n anunci\u00f3 el gobernador como la compra y utilizaci\u00f3n de 33 medidores de di\u00f3xido de carbono en las aulas\u00bb.<\/p>\n\n\n\n<p>Sobre los alcances del DNU 381 del gobierno nacional, record\u00f3 la adhesi\u00f3n de Provincia y la pr\u00f3rroga de la normativa vigente que establece el sistema de fases nacional. Respecto a la pol\u00e9mica por las \u00faltimas medidas el funcionario dijo que \u00abhicimos siempre lo mismo, lo que dijo el ministro (Nicol\u00e1s) trotta, lo que establece la normativa nacional, lo que determina nuestra Direcci\u00f3n General de Cultura y educaci\u00f3n y aplicamos la ley rajatabla, que establece que pueden volver a la presencialidad aquellos distritos o aglomerados que tengan una incidencia menor 500 casos y menos de 80 por ciento de ocupaci\u00f3n de camas de terapia y es lo que hicimos\u00bb.<\/p>\n\n\n\n<p>\u00abEl problema en el AMBA hasta la semana pasada era que no hab\u00eda clases, de la oposici\u00f3n y de algunos medios. Cambi\u00f3 la situaci\u00f3n sanitaria y epidemiol\u00f3gica, se redujeron los casos, por tercera semana consecutiva y eso es lo que nos permiti\u00f3 volver a la presencialidad. No hubo ninguna especulaci\u00f3n pol\u00edtica, ninguna comparaci\u00f3n con otra jurisdicci\u00f3n. Cambi\u00f3 la situaci\u00f3n sanitaria y eso nos permite volver a la presencialidad. Inmediatamente que se volvi\u00f3 en el AMBA y en algunos distritos del interior, otros distritos comenzaron a quejarse y la respuesta es que la incidencia de casos es mayor a 500\u00bb.<\/p>\n\n\n\n<p>\u00abNo discriminamos a nadie, esta epidemia sigue funcionando de la misma manera, porque es una regla general\u00bb puntualiz\u00f3 Bianco.<\/p>\n\n\n\n<p>En referencia a la actualizaci\u00f3n de fases, el Jefe de Gabinete enfatiz\u00f3 que setenta municipios quedan en fase 2, sesenta en fase 3 que incluye a los 40 distritos del AMBA, m\u00e1s 20 del interior y 5 en fase 4.<\/p>\n\n\n\n<p>\u00abLos que pasan de fase 2 a fase 3 son Carmen de Areco, Guamin\u00ed y Salto, esto implica que en esos 3 distritos vuelve la presencialidad en las clases, no estamos discrimando al interior. Si dan los numeros volvemos a la presencialidad\u00bb. Pasan de fase 3 a 4 el distrito de Benito Ju\u00e1rez inform\u00f3.&nbsp;<\/p>\n\n\n\n<p>Por otra parte cuestion\u00f3 duramente las afirmaciones del intendente de Capit\u00e1n Sarmiento que llam\u00f3 a cortar las rutas si no se vuelven a las clases presenciales. Sobre este punto Bianco dijo: \u00abMe parece grave, es institucionalmente grave porque cortar rutas es un delito federal. Lo extra\u00f1o, m\u00e1s all\u00e1 de lo grave de las declaraciones de Iguacel y le quiero decir que en vez de instigar a que se cometan delitos en la provincia de Buenos Aires, dedique su tiempo a hacer cumplir los protocolos. Porque si lo hace, van a bajar los casos y efectivamente va a volver la presencialidad\u00bb.<\/p>\n\n\n\n<p>Adem\u00e1s a\u00f1adi\u00f3: \u00abCon la gravedad del casos, que un intendente est\u00e9 instigando a que se cometa un delito, no haya ning\u00fan fiscal general que haya actuado de oficio, denunci\u00e1ndolo por apolog\u00eda del delito y me parece particularmente extra\u00f1o o no, sabiendo que el titular del Ministerio P\u00fablico Fiscal de la Provincia de Buenos Aires y Javier Iguacel forman parte del mismo partido pol\u00edtico y por ah\u00ed no es extra\u00f1o.<\/p>\n","protected":false},"excerpt":{"rendered":"<p>A su turno el Jefe de Gabinete, Carlos Bianco, brind\u00f3 detalles del nuevo sistema de fases, los cambios, actividades permitidas y los par\u00e1metros que permitieron el retorno a las aulas. En esta misma l\u00ednea se\u00f1al\u00f3 que desde el Gobierno est\u00e1n tratando de hacer efectiva la compra con CanSino, con lo cual ya se aprob\u00f3 la [&hellip;]<\/p>\n","protected":false},"author":4,"featured_media":94209,"comment_status":"open","ping_status":"closed","sticky":false,"template":"","format":"standard","meta":{"om_disable_all_campaigns":false,"_jetpack_memberships_contains_paid_content":false,"footnotes":""},"categories":[50,101,2],"tags":[],"class_list":["post-94208","post","type-post","status-publish","format-standard","has-post-thumbnail","hentry","category-destacadas","category-interes-general-locales","category-locales"],"aioseo_notices":[],"gutentor_comment":0,"jetpack_featured_media_url":"https:\/\/eldiariodesanpedro.com.ar\/sitio\/wp-content\/uploads\/2021\/06\/129666_3.jpg","jetpack_shortlink":"https:\/\/wp.me\/p6RhLt-ovu","jetpack_sharing_enabled":true,"_links":{"self":[{"href":"https:\/\/eldiariodesanpedro.com.ar\/sitio\/wp-json\/wp\/v2\/posts\/94208","targetHints":{"allow":["GET"]}}],"collection":[{"href":"https:\/\/eldiariodesanpedro.com.ar\/sitio\/wp-json\/wp\/v2\/posts"}],"about":[{"href":"https:\/\/eldiariodesanpedro.com.ar\/sitio\/wp-json\/wp\/v2\/types\/post"}],"author":[{"embeddable":true,"href":"https:\/\/eldiariodesanpedro.com.ar\/sitio\/wp-json\/wp\/v2\/users\/4"}],"replies":[{"embeddable":true,"href":"https:\/\/eldiariodesanpedro.com.ar\/sitio\/wp-json\/wp\/v2\/comments?post=94208"}],"version-history":[{"count":1,"href":"https:\/\/eldiariodesanpedro.com.ar\/sitio\/wp-json\/wp\/v2\/posts\/94208\/revisions"}],"predecessor-version":[{"id":94210,"href":"https:\/\/eldiariodesanpedro.com.ar\/sitio\/wp-json\/wp\/v2\/posts\/94208\/revisions\/94210"}],"wp:featuredmedia":[{"embeddable":true,"href":"https:\/\/eldiariodesanpedro.com.ar\/sitio\/wp-json\/wp\/v2\/media\/94209"}],"wp:attachment":[{"href":"https:\/\/eldiariodesanpedro.com.ar\/sitio\/wp-json\/wp\/v2\/media?parent=94208"}],"wp:term":[{"taxonomy":"category","embeddable":true,"href":"https:\/\/eldiariodesanpedro.com.ar\/sitio\/wp-json\/wp\/v2\/categories?post=94208"},{"taxonomy":"post_tag","embeddable":true,"href":"https:\/\/eldiariodesanpedro.com.ar\/sitio\/wp-json\/wp\/v2\/tags?post=94208"}],"curies":[{"name":"wp","href":"https:\/\/api.w.org\/{rel}","templated":true}]}}