{"id":94205,"date":"2021-06-15T10:54:42","date_gmt":"2021-06-15T13:54:42","guid":{"rendered":"https:\/\/eldiariodesanpedro.com.ar\/sitio\/?p=94205"},"modified":"2021-06-15T10:54:48","modified_gmt":"2021-06-15T13:54:48","slug":"arrecifes-polemica-por-confiscacion-a-un-vendedor-ambulante","status":"publish","type":"post","link":"https:\/\/eldiariodesanpedro.com.ar\/sitio\/arrecifes-polemica-por-confiscacion-a-un-vendedor-ambulante\/","title":{"rendered":"ARRECIFES | Pol\u00e9mica por confiscaci\u00f3n a un vendedor ambulante"},"content":{"rendered":"<!-- VideographyWP Plugin Message: Automatic video embedding prevented by plugin options. -->\n\n<p>Este lunes se viralizaron en la ciudad de arrecifes  im\u00e1genes de un procedimiento del \u00e1rea de Inspecci\u00f3n de la Municipalidad de Arrecifes con apoyo policial ante un joven que vend\u00eda frutas y verduras por la calle.<\/p>\n\n\n\n<p>En el video se observa a un inspector decomisando las mercader\u00edas ante la presencia de un efectivo policial, quit\u00e1ndolas de los cajones donde las transportaba el vendedor. Tambi\u00e9n se aprecia que hab\u00edan llegado al lugar de dos m\u00f3viles: uno de Patrulla Urbana y otro de Polic\u00eda.<\/p>\n\n\n\n<p>La venta ambulante est\u00e1 penada en Arrecifes cuando se realiza sin autorizaci\u00f3n, aunque se sabe que este tipo (y otros) de actividades de comercializaci\u00f3n sin regularizar abunda en nuestra ciudad.<\/p>\n\n\n\n<p>Muchos vecinos manifestaron su indignaci\u00f3n \u201cpor ser un pibe que se est\u00e1 ganando la vida dignamente\u201d y, fundamentalmente, porque le hayan secuestrado las frutas y verduras que ten\u00eda para vender. \u00bfVos qu\u00e9 opin\u00e1s?<\/p>\n\n\n\n<p>Fuente: <a href=\"https:\/\/arrecifesnoticias.com\/interes-general\/polemica-por-confiscacion-a-un-vendedor-ambulante-video\/\">Arrecifes Noticias<\/a><\/p>\n","protected":false},"excerpt":{"rendered":"<p>Este lunes se viralizaron en la ciudad de arrecifes im\u00e1genes de un procedimiento del \u00e1rea de Inspecci\u00f3n de la Municipalidad de Arrecifes con apoyo policial ante un joven que vend\u00eda frutas y verduras por la calle. En el video se observa a un inspector decomisando las mercader\u00edas ante la presencia de un efectivo policial, quit\u00e1ndolas [&hellip;]<\/p>\n","protected":false},"author":4,"featured_media":94206,"comment_status":"open","ping_status":"closed","sticky":false,"template":"","format":"standard","meta":{"om_disable_all_campaigns":false,"_jetpack_memberships_contains_paid_content":false,"footnotes":""},"categories":[621],"tags":[],"class_list":["post-94205","post","type-post","status-publish","format-standard","has-post-thumbnail","hentry","category-regionales"],"aioseo_notices":[],"gutentor_comment":0,"jetpack_featured_media_url":"https:\/\/eldiariodesanpedro.com.ar\/sitio\/wp-content\/uploads\/2021\/06\/Venta-ambulante-698x510-1.jpg","jetpack_shortlink":"https:\/\/wp.me\/p6RhLt-ovr","jetpack_sharing_enabled":true,"_links":{"self":[{"href":"https:\/\/eldiariodesanpedro.com.ar\/sitio\/wp-json\/wp\/v2\/posts\/94205","targetHints":{"allow":["GET"]}}],"collection":[{"href":"https:\/\/eldiariodesanpedro.com.ar\/sitio\/wp-json\/wp\/v2\/posts"}],"about":[{"href":"https:\/\/eldiariodesanpedro.com.ar\/sitio\/wp-json\/wp\/v2\/types\/post"}],"author":[{"embeddable":true,"href":"https:\/\/eldiariodesanpedro.com.ar\/sitio\/wp-json\/wp\/v2\/users\/4"}],"replies":[{"embeddable":true,"href":"https:\/\/eldiariodesanpedro.com.ar\/sitio\/wp-json\/wp\/v2\/comments?post=94205"}],"version-history":[{"count":1,"href":"https:\/\/eldiariodesanpedro.com.ar\/sitio\/wp-json\/wp\/v2\/posts\/94205\/revisions"}],"predecessor-version":[{"id":94207,"href":"https:\/\/eldiariodesanpedro.com.ar\/sitio\/wp-json\/wp\/v2\/posts\/94205\/revisions\/94207"}],"wp:featuredmedia":[{"embeddable":true,"href":"https:\/\/eldiariodesanpedro.com.ar\/sitio\/wp-json\/wp\/v2\/media\/94206"}],"wp:attachment":[{"href":"https:\/\/eldiariodesanpedro.com.ar\/sitio\/wp-json\/wp\/v2\/media?parent=94205"}],"wp:term":[{"taxonomy":"category","embeddable":true,"href":"https:\/\/eldiariodesanpedro.com.ar\/sitio\/wp-json\/wp\/v2\/categories?post=94205"},{"taxonomy":"post_tag","embeddable":true,"href":"https:\/\/eldiariodesanpedro.com.ar\/sitio\/wp-json\/wp\/v2\/tags?post=94205"}],"curies":[{"name":"wp","href":"https:\/\/api.w.org\/{rel}","templated":true}]}}