{"id":94198,"date":"2021-06-15T10:22:44","date_gmt":"2021-06-15T13:22:44","guid":{"rendered":"https:\/\/eldiariodesanpedro.com.ar\/sitio\/?p=94198"},"modified":"2021-06-15T12:13:25","modified_gmt":"2021-06-15T15:13:25","slug":"un-policia-detenido-por-golpear-brutalmente-a-su-pareja-fue-denunciado-por-intento-de-femicidio","status":"publish","type":"post","link":"https:\/\/eldiariodesanpedro.com.ar\/sitio\/un-policia-detenido-por-golpear-brutalmente-a-su-pareja-fue-denunciado-por-intento-de-femicidio\/","title":{"rendered":"Un polic\u00eda detenido por golpear brutalmente a su pareja, fue denunciado por intento de femicidio"},"content":{"rendered":"<!-- VideographyWP Plugin Message: Automatic video embedding prevented by plugin options. -->\n\n<p>En la jornada de ayer en horas de la noche un efectivo policial que se desempe\u00f1a en nuestra ciudad fue detenido por violencia de genero con intervenci\u00f3n de la Prefectura San Pedro y la fiscal\u00eda de turno.<\/p>\n\n\n\n<p>Seg\u00fan se informo por parte de Laura Monfasani quien dirige la Subsecretaria de Genero, en la noche de ayer ocurri\u00f3 un nuevo grave hecho de violencia de genero donde un polic\u00eda identificado como Alexis Medina de 29 a\u00f1os de edad fue aprehendido por efectivos de la Prefectura tras una denuncia por parte de su pareja de 20 a\u00f1os que se hizo presente en el CIC presentando heridas por golpes.<\/p>\n\n\n\n<p>Todo comenz\u00f3 cuando un joven mujer se hace presente en el CIC para curar unas heridas gravemente visibles en su rostro, la enfermera en dialogo con la victima pudo averiguar lo que hab\u00eda sucedido trat\u00e1ndose de un hecho de violencia de genero por lo que r\u00e1pidamente se comunico con la Subsecretaria de Genero para que tome intervenci\u00f3n.<\/p>\n\n\n\n<p>Luego la femenina fue trasladada a la Fiscal\u00eda para realizar la correspondiente denuncia donde adem\u00e1s manifest\u00f3 que es victima de violencia desde hace un a\u00f1o atr\u00e1s, luego intervino la Prefectura Argentina en el domicilio del agresor donde detuvo a este efectivo policial.<\/p>\n\n\n\n<p>La mujer se encuentra asistida en el refugio para mujeres victimas de violencia de genero y \u00e9l se encuentra detenido en la comisar\u00eda local.<\/p>\n","protected":false},"excerpt":{"rendered":"<p>En la jornada de ayer en horas de la noche un efectivo policial que se desempe\u00f1a en nuestra ciudad fue detenido por violencia de genero con intervenci\u00f3n de la Prefectura San Pedro y la fiscal\u00eda de turno. Seg\u00fan se informo por parte de Laura Monfasani quien dirige la Subsecretaria de Genero, en la noche de [&hellip;]<\/p>\n","protected":false},"author":4,"featured_media":45394,"comment_status":"open","ping_status":"closed","sticky":false,"template":"","format":"standard","meta":{"om_disable_all_campaigns":false,"_jetpack_memberships_contains_paid_content":false,"footnotes":""},"categories":[50,2,103],"tags":[],"class_list":["post-94198","post","type-post","status-publish","format-standard","has-post-thumbnail","hentry","category-destacadas","category-locales","category-policiales-locales"],"aioseo_notices":[],"gutentor_comment":0,"jetpack_featured_media_url":"https:\/\/eldiariodesanpedro.com.ar\/sitio\/wp-content\/uploads\/2019\/01\/comisaria.jpg","jetpack_shortlink":"https:\/\/wp.me\/p6RhLt-ovk","jetpack_sharing_enabled":true,"_links":{"self":[{"href":"https:\/\/eldiariodesanpedro.com.ar\/sitio\/wp-json\/wp\/v2\/posts\/94198","targetHints":{"allow":["GET"]}}],"collection":[{"href":"https:\/\/eldiariodesanpedro.com.ar\/sitio\/wp-json\/wp\/v2\/posts"}],"about":[{"href":"https:\/\/eldiariodesanpedro.com.ar\/sitio\/wp-json\/wp\/v2\/types\/post"}],"author":[{"embeddable":true,"href":"https:\/\/eldiariodesanpedro.com.ar\/sitio\/wp-json\/wp\/v2\/users\/4"}],"replies":[{"embeddable":true,"href":"https:\/\/eldiariodesanpedro.com.ar\/sitio\/wp-json\/wp\/v2\/comments?post=94198"}],"version-history":[{"count":2,"href":"https:\/\/eldiariodesanpedro.com.ar\/sitio\/wp-json\/wp\/v2\/posts\/94198\/revisions"}],"predecessor-version":[{"id":94224,"href":"https:\/\/eldiariodesanpedro.com.ar\/sitio\/wp-json\/wp\/v2\/posts\/94198\/revisions\/94224"}],"wp:featuredmedia":[{"embeddable":true,"href":"https:\/\/eldiariodesanpedro.com.ar\/sitio\/wp-json\/wp\/v2\/media\/45394"}],"wp:attachment":[{"href":"https:\/\/eldiariodesanpedro.com.ar\/sitio\/wp-json\/wp\/v2\/media?parent=94198"}],"wp:term":[{"taxonomy":"category","embeddable":true,"href":"https:\/\/eldiariodesanpedro.com.ar\/sitio\/wp-json\/wp\/v2\/categories?post=94198"},{"taxonomy":"post_tag","embeddable":true,"href":"https:\/\/eldiariodesanpedro.com.ar\/sitio\/wp-json\/wp\/v2\/tags?post=94198"}],"curies":[{"name":"wp","href":"https:\/\/api.w.org\/{rel}","templated":true}]}}